{"id":39228,"date":"2026-01-25T17:54:24","date_gmt":"2026-01-25T16:54:24","guid":{"rendered":"https:\/\/blog.ilgiornale.it\/ruzzo\/?p=39228"},"modified":"2026-01-25T17:54:25","modified_gmt":"2026-01-25T16:54:25","slug":"a-questi-giochi-per-ora-manca-la-poesia","status":"publish","type":"post","link":"https:\/\/blog.ilgiornale.it\/ruzzo\/2026\/01\/25\/a-questi-giochi-per-ora-manca-la-poesia\/","title":{"rendered":"A questi Giochi (per ora) manca la poesia"},"content":{"rendered":"<p><a href=\"https:\/\/blog.ilgiornale.it\/ruzzo\/2026\/01\/25\/a-questi-giochi-per-ora-manca-la-poesia\/poesia\/\" rel=\"attachment wp-att-39229\"><img loading=\"lazy\" class=\"alignright size-medium wp-image-39229\" src=\"https:\/\/blog.ilgiornale.it\/ruzzo\/files\/2026\/01\/poesia-226x300.jpg\" alt=\"\" width=\"226\" height=\"300\" srcset=\"https:\/\/blog.ilgiornale.it\/ruzzo\/files\/2026\/01\/poesia-226x300.jpg 226w, https:\/\/blog.ilgiornale.it\/ruzzo\/files\/2026\/01\/poesia.jpg 447w\" sizes=\"(max-width: 226px) 100vw, 226px\" \/><\/a>Per ora \u00abSotto il vestito niente&#8230;\u00bb. O comunque non moltissimo visto che al via dei Giochi mancano un paio di settimane. Ma, al di l\u00e0 degli stand in piazza Duomo, delle strutture d\u2019accoglienza davanti al Meazza, la citt\u00e0 tutto sembra tranne che olimpica. Pochissimo nelle sedi istituzionali, negli eventi, nelle vetrine, nelle strade, alle finestre, sui balconi. Non scalda i cuori. Che poi i Giochi saranno certamente un evento che avr\u00e0 portata mondiale, ma anche il resto conta. Contano il contorno, il clima.<\/p>\n<p><strong>\u00c8 un po\u2019 come il Natale: bello, bellissimo il giorno della festa ma ci\u00f2 che si gode davvero \u00e8 l\u2019attesa,<\/strong> sono i preparativi, quella dolce frenesia che alimenta sogni ed immaginazione. Una \u00abvigilia\u00bb forse un po\u2019 trascurata per la fretta tipica di questa citt\u00e0 e per quella contingente che obbliga gli organizzatori a dover fare i conti con qualche cantiere ancora da chiudere, con cerimonie ed eventi da preparare, con dettagli da mettere a punto.<\/p>\n<p><strong>E con qualche polemica. Ultima quella dei prezzi stellari dei biglietti per le gare.<\/strong> A lanciare il sasso era stato pochi giorni fa Pietro Sighel, due medaglie olimpiche ai Giochi di Pechino nel pattinaggio di velocit\u00e0, stella della nazionale azzurra e tra i favoriti in questa edizione dei Giochi: \u00abSperavo che le olimpiadi in casa potessero dare un po\u2019 di popolarit\u00e0 ad una disciplina di nicchia come lo short track ma considerando che un biglietto decente costa 450euro&#8230;\u00bb. Tanto, troppo. Probabilmente s\u00ec, ma i giochi sono business e il mercato \u00e8 il mercato come ricorda il presidente della Fondazione Milano-Cortina Giovanni Malag\u00f2: \u00abNon ci sono tanti biglietti ancora da vendere e molte gare sono sold out- ha spiegato- Sono andati via quelli che costano di meno e restano i pi\u00f9 costosi. Comunque in tutte manifestazioni di un certo livello ci sono sempre state queste considerazioni\u00bb. Tutto vero. Ma in questo \u00absabato del villaggio\u00bb olimpico forse quello che manca \u00e8 un po\u2019 di poesia.<\/p>\n","protected":false},"excerpt":{"rendered":"<p><p>Per ora \u00abSotto il vestito niente&#8230;\u00bb. O comunque non moltissimo visto che al via dei Giochi mancano un paio di settimane. Ma, al di l\u00e0 degli stand in piazza Duomo, delle strutture d\u2019accoglienza davanti al Meazza, la citt\u00e0 tutto sembra tranne che olimpica. Pochissimo nelle sedi istituzionali, negli eventi, nelle vetrine, nelle strade, alle finestre, sui balconi. Non scalda i cuori. Che poi i Giochi saranno certamente un evento che avr\u00e0 portata mondiale, ma anche il resto conta. Contano il contorno, il clima. \u00c8 un po\u2019 come il Natale: bello, bellissimo il giorno della festa ma ci\u00f2 che si gode [&hellip;]<\/p>\n&nbsp;&nbsp;<div class=\"readmore\"><a href=\"https:\/\/blog.ilgiornale.it\/ruzzo\/2026\/01\/25\/a-questi-giochi-per-ora-manca-la-poesia\/\">Continua a leggere...<\/a><\/div><\/p>","protected":false},"author":956,"featured_media":0,"comment_status":"open","ping_status":"closed","sticky":false,"template":"","format":"standard","meta":[],"categories":[1],"tags":[],"_links":{"self":[{"href":"https:\/\/blog.ilgiornale.it\/ruzzo\/wp-json\/wp\/v2\/posts\/39228"}],"collection":[{"href":"https:\/\/blog.ilgiornale.it\/ruzzo\/wp-json\/wp\/v2\/posts"}],"about":[{"href":"https:\/\/blog.ilgiornale.it\/ruzzo\/wp-json\/wp\/v2\/types\/post"}],"author":[{"embeddable":true,"href":"https:\/\/blog.ilgiornale.it\/ruzzo\/wp-json\/wp\/v2\/users\/956"}],"replies":[{"embeddable":true,"href":"https:\/\/blog.ilgiornale.it\/ruzzo\/wp-json\/wp\/v2\/comments?post=39228"}],"version-history":[{"count":2,"href":"https:\/\/blog.ilgiornale.it\/ruzzo\/wp-json\/wp\/v2\/posts\/39228\/revisions"}],"predecessor-version":[{"id":39231,"href":"https:\/\/blog.ilgiornale.it\/ruzzo\/wp-json\/wp\/v2\/posts\/39228\/revisions\/39231"}],"wp:attachment":[{"href":"https:\/\/blog.ilgiornale.it\/ruzzo\/wp-json\/wp\/v2\/media?parent=39228"}],"wp:term":[{"taxonomy":"category","embeddable":true,"href":"https:\/\/blog.ilgiornale.it\/ruzzo\/wp-json\/wp\/v2\/categories?post=39228"},{"taxonomy":"post_tag","embeddable":true,"href":"https:\/\/blog.ilgiornale.it\/ruzzo\/wp-json\/wp\/v2\/tags?post=39228"}],"curies":[{"name":"wp","href":"https:\/\/api.w.org\/{rel}","templated":true}]}}