{"id":39232,"date":"2026-01-26T18:26:54","date_gmt":"2026-01-26T17:26:54","guid":{"rendered":"https:\/\/blog.ilgiornale.it\/ruzzo\/?p=39232"},"modified":"2026-01-26T18:27:23","modified_gmt":"2026-01-26T17:27:23","slug":"battocletti-vola-nel-cross-e-fa-il-bis-al-campaccio","status":"publish","type":"post","link":"https:\/\/blog.ilgiornale.it\/ruzzo\/2026\/01\/26\/battocletti-vola-nel-cross-e-fa-il-bis-al-campaccio\/","title":{"rendered":"Battocletti vola nel cross e fa il bis al Campaccio"},"content":{"rendered":"<p><a href=\"https:\/\/blog.ilgiornale.it\/ruzzo\/2026\/01\/26\/battocletti-vola-nel-cross-e-fa-il-bis-al-campaccio\/campa\/\" rel=\"attachment wp-att-39233\"><img loading=\"lazy\" class=\"alignleft size-medium wp-image-39233\" src=\"https:\/\/blog.ilgiornale.it\/ruzzo\/files\/2026\/01\/campa-300x132.jpg\" alt=\"\" width=\"300\" height=\"132\" srcset=\"https:\/\/blog.ilgiornale.it\/ruzzo\/files\/2026\/01\/campa-300x132.jpg 300w, https:\/\/blog.ilgiornale.it\/ruzzo\/files\/2026\/01\/campa-1024x449.jpg 1024w, https:\/\/blog.ilgiornale.it\/ruzzo\/files\/2026\/01\/campa-768x337.jpg 768w, https:\/\/blog.ilgiornale.it\/ruzzo\/files\/2026\/01\/campa-1536x674.jpg 1536w, https:\/\/blog.ilgiornale.it\/ruzzo\/files\/2026\/01\/campa.jpg 1671w\" sizes=\"(max-width: 300px) 100vw, 300px\" \/><\/a>Corre, cade, si rialza e vince. Nadia Battocletti fa il bis nel Campaccio a a San Giorgio su Legnano e conferma, se ancora ce ne fosse il bisogno, che ormai nel cross ma anche in pista , \u00e8 tra le migliori al mondo. &#8220;E&#8217; sempre bello correre e vincere al Campaccio ed era da un po&#8217; di tempo che non cadevo in gara, mi sembrava quasi di essere tornata bambina, ma con il fango pu\u00f2 succedere &#8211; ha detto\u00a0 al traguardo la \u00a0portacolori delle Fiamme Azzurre, e due volte medagliata ai Mondiali 2025 a Tokyo dopo aver vinto 5000 e 10.000 metri agli Europei di Roma 2024 e l&#8217;argento olimpico a Parigi 2024 sulla distanza piu&#8217; lunga -. Arrivo da un periodo di allenamenti di tre settimane sulla costa toscana, tra Piombino e Follonica, in preparazione alla stagione indoor. L&#8217;esordio sar\u00e0 il 6 febbraio a Madrid nei 1500 metri e correr\u00f2 i 3000 il 19 in Francia, da dove prender\u00f2 il volo per la Sicilia, per partecipare alla &#8216;Festa del Cross&#8217; del 22 febbraio a Selinunte. Voglio esserci ogni anno ai Campionati italiani, sar\u00e0 cos\u00ec anche stavolta. Poi l&#8217;obiettivo andr\u00e0 sui Mondiali indoor di marzo&#8221;<\/p>\n<p>Il 2026 inizia quindi nel migliore dei modi per l&#8217;azzurra che a Legnano, sugli sterrati di uno dei cross pi\u00f9 importanti al mondo trionfa per la seconda volta consecutiva. Chiude l&#8217;edizione numero 69\u00a0 in 21&#8217;10&#8221;<strong>, <\/strong>nonostante una scivolata sul fango poco dopo met\u00e0 gara.\u00a0Alle sue spalle, lontane le avversarie a partire dalla burundese Francine Niyomukunzi, che l&#8217;aveva battuta due anni fa, giunta con un ritardo di 22&#8243;. .\u00a0In campo maschile successo di Egide Ntakarutimana\u00a0del Burundi che ha concluso i 10 km in 30&#8217;38 dopo aver sferrato l&#8217;attacco decisivo nell&#8217;ultima delle cinque tornate. Secondo l&#8217;ugandese Dolphine Chelimo (30&#8217;45).\u00a0Sesto e primo degli italiani il campione tricolore Luca Alfieri\u00a0(Atl. Casone Noceto, 31&#8217;06).<\/p>\n","protected":false},"excerpt":{"rendered":"<p><p>Corre, cade, si rialza e vince. Nadia Battocletti fa il bis nel Campaccio a a San Giorgio su Legnano e conferma, se ancora ce ne fosse il bisogno, che ormai nel cross ma anche in pista , \u00e8 tra le migliori al mondo. &#8220;E&#8217; sempre bello correre e vincere al Campaccio ed era da un po&#8217; di tempo che non cadevo in gara, mi sembrava quasi di essere tornata bambina, ma con il fango pu\u00f2 succedere &#8211; ha detto\u00a0 al traguardo la \u00a0portacolori delle Fiamme Azzurre, e due volte medagliata ai Mondiali 2025 a Tokyo dopo aver vinto 5000 e [&hellip;]<\/p>\n&nbsp;&nbsp;<div class=\"readmore\"><a href=\"https:\/\/blog.ilgiornale.it\/ruzzo\/2026\/01\/26\/battocletti-vola-nel-cross-e-fa-il-bis-al-campaccio\/\">Continua a leggere...<\/a><\/div><\/p>","protected":false},"author":956,"featured_media":0,"comment_status":"open","ping_status":"closed","sticky":false,"template":"","format":"standard","meta":[],"categories":[1],"tags":[],"_links":{"self":[{"href":"https:\/\/blog.ilgiornale.it\/ruzzo\/wp-json\/wp\/v2\/posts\/39232"}],"collection":[{"href":"https:\/\/blog.ilgiornale.it\/ruzzo\/wp-json\/wp\/v2\/posts"}],"about":[{"href":"https:\/\/blog.ilgiornale.it\/ruzzo\/wp-json\/wp\/v2\/types\/post"}],"author":[{"embeddable":true,"href":"https:\/\/blog.ilgiornale.it\/ruzzo\/wp-json\/wp\/v2\/users\/956"}],"replies":[{"embeddable":true,"href":"https:\/\/blog.ilgiornale.it\/ruzzo\/wp-json\/wp\/v2\/comments?post=39232"}],"version-history":[{"count":2,"href":"https:\/\/blog.ilgiornale.it\/ruzzo\/wp-json\/wp\/v2\/posts\/39232\/revisions"}],"predecessor-version":[{"id":39235,"href":"https:\/\/blog.ilgiornale.it\/ruzzo\/wp-json\/wp\/v2\/posts\/39232\/revisions\/39235"}],"wp:attachment":[{"href":"https:\/\/blog.ilgiornale.it\/ruzzo\/wp-json\/wp\/v2\/media?parent=39232"}],"wp:term":[{"taxonomy":"category","embeddable":true,"href":"https:\/\/blog.ilgiornale.it\/ruzzo\/wp-json\/wp\/v2\/categories?post=39232"},{"taxonomy":"post_tag","embeddable":true,"href":"https:\/\/blog.ilgiornale.it\/ruzzo\/wp-json\/wp\/v2\/tags?post=39232"}],"curies":[{"name":"wp","href":"https:\/\/api.w.org\/{rel}","templated":true}]}}