{"id":39236,"date":"2026-01-27T17:45:47","date_gmt":"2026-01-27T16:45:47","guid":{"rendered":"https:\/\/blog.ilgiornale.it\/ruzzo\/?p=39236"},"modified":"2026-01-27T17:45:47","modified_gmt":"2026-01-27T16:45:47","slug":"la-sfida-paralimpica-di-milano-cortina","status":"publish","type":"post","link":"https:\/\/blog.ilgiornale.it\/ruzzo\/2026\/01\/27\/la-sfida-paralimpica-di-milano-cortina\/","title":{"rendered":"La sfida paralimpica di Milano-Cortina"},"content":{"rendered":"<p><a href=\"https:\/\/blog.ilgiornale.it\/ruzzo\/2026\/01\/27\/la-sfida-paralimpica-di-milano-cortina\/para-5\/\" rel=\"attachment wp-att-39237\"><img loading=\"lazy\" class=\"alignleft size-medium wp-image-39237\" src=\"https:\/\/blog.ilgiornale.it\/ruzzo\/files\/2026\/01\/para-211x300.jpg\" alt=\"\" width=\"211\" height=\"300\" srcset=\"https:\/\/blog.ilgiornale.it\/ruzzo\/files\/2026\/01\/para-211x300.jpg 211w, https:\/\/blog.ilgiornale.it\/ruzzo\/files\/2026\/01\/para.jpg 555w\" sizes=\"(max-width: 211px) 100vw, 211px\" \/><\/a>\u201cMilano Cortina 2026 sar\u00e0 una tappa cruciale per il movimento paralimpico italiano. Non \u00e8 solo un grande evento sportivo ma anche un\u2019occasione unica capace di generare cultura, inclusione e consapevolezza\u2026\u00bb. Cos\u00ec il Presidente del Comitato italiano Paralimpico Marco Giunio De Sanctis pochi giorni fa presentando presentato la roadmap dei Giochi paralimpici invernali di Milano-Cortina.<\/p>\n<p><strong>\u00c9 stata l\u2019occasione per approfondire molti tempi legati ai Giochi<\/strong>\u00a0e a ci\u00f2 che rappresentano per il movimento paralimpico e per la disabilit\u00e0 in senso pi\u00f9 largo: \u00abMilano-Cortina 2026 \u00e8 un\u2019opportunit\u00e0 straordinaria per valorizzare il talento, la passione e la determinazione dei nostri atleti paralimpici ma anche per promuovere una visione di Paese pi\u00f9 attenta, consapevole e inclusiva \u2013 ha spiegato il Ministro per la disabilit\u00e0 Alessandra Locatelli -. I Giochi lanceranno un messaggio potente e cio\u00e8 che lo sport \u00e8 uno strumento che abbatte barriere e contribuisce a promuovere una nuova prospettiva che ci chiede di vedere in ogni persona le potenzialit\u00e0 e non i limiti\u00bb<\/p>\n<p><strong>Come sempre, fondamentale saranno la comunicazione e la copertura televisiva<\/strong>\u00a0che porter\u00e0 in una vetrina mondiale Milano-Cortina 2026: \u00abDalle Paralimpiadi di Vancouver 2010 la Rai \u00e8 la tv pubblica che trasmette pi\u00f9 ore dei giochi e continueremo a fare squadra con il CIP anche per Milano-Cortina, perch\u00e9 nulla \u00e8 pi\u00f9 inclusivo della maglia azzurra- ha assicurato il direttore di Raisport Paolo Petrecca- Oltre 100 ore di dirette su Raidue e Raisport, oltre 70 ore di repliche con il meglio della giornata paralimpica, due rubriche: la prima in apertura di giornata per presentare ci\u00f2 che avverr\u00e0 e la storica \u201cSportabilia\u201d in chiusura per riassumere quello che \u00e8 accaduto con i contributi che arriveranno da Casa Paralimpica Italia\u00bb.<\/p>\n<p><strong>Milano, citt\u00e0 che ospiter\u00e0 le gare di Para Ice Hockey, vedr\u00e0 il \u00abcuore\u00bb istituzionale dei Giochi alla Torre Allianz<\/strong>\u00a0dove sar\u00e0 allestita un\u2019area hospitality e un hub di rappresentanza per eventi, realzioi, incontri Non solo. \u00c9 stato presentato anche il progetto delle Hospitality House paralimpiche che saranno luogo di scambio e incontro tra tutt i protagonisti dei Giochi. E poi gi atleti che ieri hanno visto una rappresentanza della Squadra Azzurra del Para Ice Hockey e del Curling in carrozzina accolta sul palco per un momento di tributo, con brevi testimonianze di Andrea Macr\u00ec e Angela Menardi.<\/p>\n","protected":false},"excerpt":{"rendered":"<p><p>\u201cMilano Cortina 2026 sar\u00e0 una tappa cruciale per il movimento paralimpico italiano. Non \u00e8 solo un grande evento sportivo ma anche un\u2019occasione unica capace di generare cultura, inclusione e consapevolezza\u2026\u00bb. Cos\u00ec il Presidente del Comitato italiano Paralimpico Marco Giunio De Sanctis pochi giorni fa presentando presentato la roadmap dei Giochi paralimpici invernali di Milano-Cortina. \u00c9 stata l\u2019occasione per approfondire molti tempi legati ai Giochi\u00a0e a ci\u00f2 che rappresentano per il movimento paralimpico e per la disabilit\u00e0 in senso pi\u00f9 largo: \u00abMilano-Cortina 2026 \u00e8 un\u2019opportunit\u00e0 straordinaria per valorizzare il talento, la passione e la determinazione dei nostri atleti paralimpici ma anche [&hellip;]<\/p>\n&nbsp;&nbsp;<div class=\"readmore\"><a href=\"https:\/\/blog.ilgiornale.it\/ruzzo\/2026\/01\/27\/la-sfida-paralimpica-di-milano-cortina\/\">Continua a leggere...<\/a><\/div><\/p>","protected":false},"author":956,"featured_media":0,"comment_status":"open","ping_status":"closed","sticky":false,"template":"","format":"standard","meta":[],"categories":[1],"tags":[],"_links":{"self":[{"href":"https:\/\/blog.ilgiornale.it\/ruzzo\/wp-json\/wp\/v2\/posts\/39236"}],"collection":[{"href":"https:\/\/blog.ilgiornale.it\/ruzzo\/wp-json\/wp\/v2\/posts"}],"about":[{"href":"https:\/\/blog.ilgiornale.it\/ruzzo\/wp-json\/wp\/v2\/types\/post"}],"author":[{"embeddable":true,"href":"https:\/\/blog.ilgiornale.it\/ruzzo\/wp-json\/wp\/v2\/users\/956"}],"replies":[{"embeddable":true,"href":"https:\/\/blog.ilgiornale.it\/ruzzo\/wp-json\/wp\/v2\/comments?post=39236"}],"version-history":[{"count":2,"href":"https:\/\/blog.ilgiornale.it\/ruzzo\/wp-json\/wp\/v2\/posts\/39236\/revisions"}],"predecessor-version":[{"id":39239,"href":"https:\/\/blog.ilgiornale.it\/ruzzo\/wp-json\/wp\/v2\/posts\/39236\/revisions\/39239"}],"wp:attachment":[{"href":"https:\/\/blog.ilgiornale.it\/ruzzo\/wp-json\/wp\/v2\/media?parent=39236"}],"wp:term":[{"taxonomy":"category","embeddable":true,"href":"https:\/\/blog.ilgiornale.it\/ruzzo\/wp-json\/wp\/v2\/categories?post=39236"},{"taxonomy":"post_tag","embeddable":true,"href":"https:\/\/blog.ilgiornale.it\/ruzzo\/wp-json\/wp\/v2\/tags?post=39236"}],"curies":[{"name":"wp","href":"https:\/\/api.w.org\/{rel}","templated":true}]}}