{"id":39378,"date":"2026-02-20T21:21:32","date_gmt":"2026-02-20T20:21:32","guid":{"rendered":"https:\/\/blog.ilgiornale.it\/ruzzo\/?p=39378"},"modified":"2026-02-20T21:25:53","modified_gmt":"2026-02-20T20:25:53","slug":"russi-e-bielorussi-alle-paralimpiadi-con-le-bandiere-via-ai-boicottaggi","status":"publish","type":"post","link":"https:\/\/blog.ilgiornale.it\/ruzzo\/2026\/02\/20\/russi-e-bielorussi-alle-paralimpiadi-con-le-bandiere-via-ai-boicottaggi\/","title":{"rendered":"Russi e bielorussi alle paralimpiadi con le bandiere: via ai boicottaggi"},"content":{"rendered":"<p><span class=\"ng-scope\"><a href=\"https:\/\/blog.ilgiornale.it\/ruzzo\/2026\/02\/20\/russi-e-bielorussi-alle-paralimpiadi-con-le-bandiere-via-ai-boicottaggi\/band\/\" rel=\"attachment wp-att-39381\"><img loading=\"lazy\" class=\"alignleft size-medium wp-image-39381\" src=\"https:\/\/blog.ilgiornale.it\/ruzzo\/files\/2026\/02\/band-300x167.jpg\" alt=\"\" width=\"300\" height=\"167\" srcset=\"https:\/\/blog.ilgiornale.it\/ruzzo\/files\/2026\/02\/band-300x167.jpg 300w, https:\/\/blog.ilgiornale.it\/ruzzo\/files\/2026\/02\/band-768x428.jpg 768w, https:\/\/blog.ilgiornale.it\/ruzzo\/files\/2026\/02\/band.jpg 1019w\" sizes=\"(max-width: 300px) 100vw, 300px\" \/><\/a>Dopo l&#8217;Ucraina anche la Repubblica Ceca, l&#8217;Estonia e la Polonia hanno deciso di boicottare la cerimonia di apertura delle prossime Paralimpiadi di Milano-Cortina, in programma a Verona il 6 marzo. La decisione del Comitato paralimpico internazionale (Ipc) di autorizzare 6 atleti russi e 4 <\/span><span class=\"preview-text--highlighted ng-scope\">bielorussi a<\/span><span class=\"ng-scope\"> gareggiare con bandiera e inno ha spinto il Comitato paralimpico ucraino a prendere la decisione, dicendosi &#8220;indignato&#8221; e accusando l&#8217;Ipc di portare avanti &#8220;una politica sistemica di lealt\u00e0 verso un Paese che oggi rappresenta una minaccia militare per quasi tutti i paesi europei&#8221;. A seguire \u00e8 arrivato oggi il no da parte dei governi paralimpici Ceco, Estone\u00a0 e Polacco.\u00a0 <\/span><\/p>\n<p><span class=\"ng-scope\"><strong>Una situazione tesa, che oltre alle proteste anche da parte del nostro governo<\/strong> da parte dei ministro degli esteri\u00a0 Antonio Tajani e di quello dello sport Andrea Abodi\u00a0 sta creando dissapori ed imbarazzi a livello internazionale. &#8220;Era il caso che si seguisse la linea del Cio &#8211; ha spiegato al microfono di Radio1 il presidente del Comitato Italiano Paralimpico, Marco Giunio De Sanctis cui toccher\u00e0 fare gli onori di casa-\u00a0 A settembre \u00e8 stata fatta votare una mozione in Corea per il reintegro o meno di russi e bielorussi. L&#8217;Italia ha votato per la partecipazione neutrale degli atleti di <span class=\"preview-text--highlighted ng-scope\">Russia<\/span> e Bielorussa, non certo per il reintegro dei rispettivi Comitati paralimpici, per\u00f2 era stato deciso che venissero reintegrati. La decisione comunque non era definitiva, perch\u00e9 l&#8217;ultima parola sarebbe spettata poi alle Federazioni internazionali. A seguito dell&#8217;ultimo ricorso che aveva presentato la Russia contro la Federazione internazionale dello sci, il Tribunale Arbitrale dello Sport di Losanna, aveva dato ragione ai russi capovolgendo cos\u00ec la situazione, definendo una Paralimpiade invernale con atleti russi e bielorussi pienamente reintegrati con inno e bandiera, una\u00a0 decisione \u00a0inappellabile e insindacabile. Cosa diversa rispetto all&#8217;Olimpiade che sta volgendo al termine&#8221;.\u00a0<\/span><\/p>\n<p><span class=\"ng-scope\"><strong>Un classico caso di politica internazionale con relativi effetti collaterali estesi sulla politica sportiva<\/strong>:\u00a0 &#8220;E&#8217; stata fatta in occasione del voto sulla mozione un&#8217;azione di lobby da parte della <span class=\"preview-text--highlighted ng-scope\">Russia<\/span>, c&#8217;\u00e8 stata una maggioranza abbastanza forte che ha votato a favore. Quello che vorrei far comprendere, \u00e8 che bisogna per\u00f2 accettare quel voto, perch\u00e9 \u00e8 espressione di scelta democratica, anche se sicuramente quella decisione stona&#8221;. &#8220;<\/span><span class=\"ng-scope\">Sarebbe stata cosa buona e giusta che i due enti mondiali, Comitato Olimpico e Paralimpico, si fossero parlati per prendere una decisione comune insieme alle Federazioni internazionali. Questo non \u00e8 avvenuto e non \u00e8 una cosa che possa star bene all&#8217;Italia, perch\u00e9 queste Olimpiadi e <span class=\"preview-text--highlighted ng-scope\">Paralimpiadi<\/span> si svolgono nel nostro Paese e quindi certamente qualche conseguenza ci sar\u00e0&#8221;.\u00a0<\/span><\/p>\n<p>&nbsp;<\/p>\n<p>&nbsp;<\/p>\n<p>&nbsp;<\/p>\n","protected":false},"excerpt":{"rendered":"<p><p>Dopo l&#8217;Ucraina anche la Repubblica Ceca, l&#8217;Estonia e la Polonia hanno deciso di boicottare la cerimonia di apertura delle prossime Paralimpiadi di Milano-Cortina, in programma a Verona il 6 marzo. La decisione del Comitato paralimpico internazionale (Ipc) di autorizzare 6 atleti russi e 4 bielorussi a gareggiare con bandiera e inno ha spinto il Comitato paralimpico ucraino a prendere la decisione, dicendosi &#8220;indignato&#8221; e accusando l&#8217;Ipc di portare avanti &#8220;una politica sistemica di lealt\u00e0 verso un Paese che oggi rappresenta una minaccia militare per quasi tutti i paesi europei&#8221;. A seguire \u00e8 arrivato oggi il no da parte dei governi [&hellip;]<\/p>\n&nbsp;&nbsp;<div class=\"readmore\"><a href=\"https:\/\/blog.ilgiornale.it\/ruzzo\/2026\/02\/20\/russi-e-bielorussi-alle-paralimpiadi-con-le-bandiere-via-ai-boicottaggi\/\">Continua a leggere...<\/a><\/div><\/p>","protected":false},"author":956,"featured_media":0,"comment_status":"open","ping_status":"closed","sticky":false,"template":"","format":"standard","meta":[],"categories":[1],"tags":[],"_links":{"self":[{"href":"https:\/\/blog.ilgiornale.it\/ruzzo\/wp-json\/wp\/v2\/posts\/39378"}],"collection":[{"href":"https:\/\/blog.ilgiornale.it\/ruzzo\/wp-json\/wp\/v2\/posts"}],"about":[{"href":"https:\/\/blog.ilgiornale.it\/ruzzo\/wp-json\/wp\/v2\/types\/post"}],"author":[{"embeddable":true,"href":"https:\/\/blog.ilgiornale.it\/ruzzo\/wp-json\/wp\/v2\/users\/956"}],"replies":[{"embeddable":true,"href":"https:\/\/blog.ilgiornale.it\/ruzzo\/wp-json\/wp\/v2\/comments?post=39378"}],"version-history":[{"count":4,"href":"https:\/\/blog.ilgiornale.it\/ruzzo\/wp-json\/wp\/v2\/posts\/39378\/revisions"}],"predecessor-version":[{"id":39383,"href":"https:\/\/blog.ilgiornale.it\/ruzzo\/wp-json\/wp\/v2\/posts\/39378\/revisions\/39383"}],"wp:attachment":[{"href":"https:\/\/blog.ilgiornale.it\/ruzzo\/wp-json\/wp\/v2\/media?parent=39378"}],"wp:term":[{"taxonomy":"category","embeddable":true,"href":"https:\/\/blog.ilgiornale.it\/ruzzo\/wp-json\/wp\/v2\/categories?post=39378"},{"taxonomy":"post_tag","embeddable":true,"href":"https:\/\/blog.ilgiornale.it\/ruzzo\/wp-json\/wp\/v2\/tags?post=39378"}],"curies":[{"name":"wp","href":"https:\/\/api.w.org\/{rel}","templated":true}]}}