{"id":39384,"date":"2026-02-21T20:11:24","date_gmt":"2026-02-21T19:11:24","guid":{"rendered":"https:\/\/blog.ilgiornale.it\/ruzzo\/?p=39384"},"modified":"2026-02-21T21:40:57","modified_gmt":"2026-02-21T20:40:57","slug":"leredita-olimpica-a-milano-per-ora-solo-emozioni","status":"publish","type":"post","link":"https:\/\/blog.ilgiornale.it\/ruzzo\/2026\/02\/21\/leredita-olimpica-a-milano-per-ora-solo-emozioni\/","title":{"rendered":"L&#8217;eredit\u00e0 olimpica a Milano? Per ora solo emozioni&#8230;"},"content":{"rendered":"<p><a href=\"https:\/\/blog.ilgiornale.it\/ruzzo\/2026\/02\/21\/leredita-olimpica-a-milano-per-ora-solo-emozioni\/emo\/\" rel=\"attachment wp-att-39385\"><img loading=\"lazy\" class=\"alignleft size-medium wp-image-39385\" src=\"https:\/\/blog.ilgiornale.it\/ruzzo\/files\/2026\/02\/emo-200x300.jpg\" alt=\"\" width=\"200\" height=\"300\" srcset=\"https:\/\/blog.ilgiornale.it\/ruzzo\/files\/2026\/02\/emo-200x300.jpg 200w, https:\/\/blog.ilgiornale.it\/ruzzo\/files\/2026\/02\/emo.jpg 506w\" sizes=\"(max-width: 200px) 100vw, 200px\" \/><\/a>L&#8217;eredit\u00e0 delle olimpiadi a Milano? \u00abResteranno le emozioni&#8230;\u00bb taglia corto Marco Fabbri che insieme con Charlene Guignard nel pattinaggio di figura ha portato un bronzo in questi Giochi nel medagliere azzurro. Il campione azzurro intervistato dalla Gazzetta dello sport forse si aspettava qualcosa in pi\u00f9 da quella \u00ablegacy\u00bb che in questi mesi, anni, \u00e8 diventata un po&#8217; il tormentone del dopo olimpiadi. E invece? E invece \u00abMi dispiace ma devo dirlo non mi pare che rimarr\u00e0 tantissimo- continua quasi scusandosi Fabbri- L&#8217;unico palazzo che \u00e8 stato realizzato per i Giochi \u00e8 quello di Santa Giulia che per\u00f2 mi pare di capire non verr\u00e0 utilizzato per eventi sportivi ma per concerti. Rimarr\u00e0 il Forum di Assago ma anche l\u00ec la pista dove abbiamo gareggiato non rester\u00e0 come pista di pattinaggio e da quello che ho capito anche i padiglioni in Fiera, anche se non vorrei dire cose errate verranno smantellati quindi non rimarr\u00e0 l&#8217;ovale e neppure l&#8217;altra pista di hockey&#8230;\u00bb.<\/p>\n<p><strong>Tutto esatto. La \u00ablegacy\u00bb, al di l\u00e0 del villaggio olimpico che rester\u00e0 come studentato a prezzi si spera calmierati, questa \u00e8.<\/strong> Anche se l\u2019altro ieri il sindaco Giuseppe Sala, il presidente di Fondazione Fiera Milano Giovanni Bozzetti, quello della Fisg (Federazione sport su ghiaccio) Andrea Gios e il presidente del Coni Luciano Buonfiglio hanno rilanciato, coscienti che il record di medaglie, la meraviglia delle imprese degli atleti, l\u2019entusiasmo per i Giochi siano una formidabile onda lunga che vada giustamente cavalcata. E allora il progetto (nuovo) \u00e8 quello di uno stadio dell&#8217;hockey ma anche del pattinaggio artistico e dello short track, pronto da ottobre a Rho. Temporaneo.<\/p>\n<p><strong>Nel frattempo partir\u00e0 la progettazione di un palazzetto del ghiaccio definitivo<\/strong> da realizzare entro due anni e mezzo o tre al massimo, in una delle aree gi\u00e0 a disposizione della Fiera, tra Milano e Rho, o in spazi alternativi in citt\u00e0 o nell&#8217;hinterland di cui \u00e8 gi\u00e0 stato avviato il piano di fattibilit\u00e0 economica e finanziaria. Non solo. Visto che gli sport su ghiaccio hanno riscaldato i tifosi milanesi, orfani di una squadra di hockey dai primi anni Novanta quando si sciolsero i Diavoli la federazione Hockey ha raccolto l&#8217;interesse di una cordata di imprenditori nordamericani che hanno gi\u00e0 redatto un business plan e sarebbero pronta a investire per riportare l&#8217;Hockey a Milano.<\/p>\n<p><strong>Insomma buone notizie. Ma resta il fatto che, finiti i Giochi, si riparte da zero<\/strong> con i tre palazzi del ghiaccio olimpici che verranno smantellati, con l&#8217;Agor\u00e0 abbandonata e che proprio due giorni fa il sindaco ha spiegato che sar\u00e0 ultilizzato per \u00abaltro\u00bb in attesa di un Palaghiaccio nuovo di zecca che per\u00f2 dovr\u00e0 essere costruito nei prossimi due, tre anni ma che , visto come stanno andando le cose col nuovo stadio di San Siro, si accettano scommesse su tempi e scadenze. \u00abCi\u00f2 che spero- conclude Fabbri nel suo video alla Gazzetta- \u00e8 che almeno le olimpiadi a Milano abbiano portato un po&#8217; una cultura nei confronti degli sport invernali in modo che in futuro vengano riaperti impianti oggi chiusi e lasciati andare e che possa crescere la voglia della gente di avvicinarsi ai nostri sport&#8230;\u00bb.<\/p>\n","protected":false},"excerpt":{"rendered":"<p><p>L&#8217;eredit\u00e0 delle olimpiadi a Milano? \u00abResteranno le emozioni&#8230;\u00bb taglia corto Marco Fabbri che insieme con Charlene Guignard nel pattinaggio di figura ha portato un bronzo in questi Giochi nel medagliere azzurro. Il campione azzurro intervistato dalla Gazzetta dello sport forse si aspettava qualcosa in pi\u00f9 da quella \u00ablegacy\u00bb che in questi mesi, anni, \u00e8 diventata un po&#8217; il tormentone del dopo olimpiadi. E invece? E invece \u00abMi dispiace ma devo dirlo non mi pare che rimarr\u00e0 tantissimo- continua quasi scusandosi Fabbri- L&#8217;unico palazzo che \u00e8 stato realizzato per i Giochi \u00e8 quello di Santa Giulia che per\u00f2 mi pare di [&hellip;]<\/p>\n&nbsp;&nbsp;<div class=\"readmore\"><a href=\"https:\/\/blog.ilgiornale.it\/ruzzo\/2026\/02\/21\/leredita-olimpica-a-milano-per-ora-solo-emozioni\/\">Continua a leggere...<\/a><\/div><\/p>","protected":false},"author":956,"featured_media":0,"comment_status":"open","ping_status":"closed","sticky":false,"template":"","format":"standard","meta":[],"categories":[1],"tags":[],"_links":{"self":[{"href":"https:\/\/blog.ilgiornale.it\/ruzzo\/wp-json\/wp\/v2\/posts\/39384"}],"collection":[{"href":"https:\/\/blog.ilgiornale.it\/ruzzo\/wp-json\/wp\/v2\/posts"}],"about":[{"href":"https:\/\/blog.ilgiornale.it\/ruzzo\/wp-json\/wp\/v2\/types\/post"}],"author":[{"embeddable":true,"href":"https:\/\/blog.ilgiornale.it\/ruzzo\/wp-json\/wp\/v2\/users\/956"}],"replies":[{"embeddable":true,"href":"https:\/\/blog.ilgiornale.it\/ruzzo\/wp-json\/wp\/v2\/comments?post=39384"}],"version-history":[{"count":3,"href":"https:\/\/blog.ilgiornale.it\/ruzzo\/wp-json\/wp\/v2\/posts\/39384\/revisions"}],"predecessor-version":[{"id":39388,"href":"https:\/\/blog.ilgiornale.it\/ruzzo\/wp-json\/wp\/v2\/posts\/39384\/revisions\/39388"}],"wp:attachment":[{"href":"https:\/\/blog.ilgiornale.it\/ruzzo\/wp-json\/wp\/v2\/media?parent=39384"}],"wp:term":[{"taxonomy":"category","embeddable":true,"href":"https:\/\/blog.ilgiornale.it\/ruzzo\/wp-json\/wp\/v2\/categories?post=39384"},{"taxonomy":"post_tag","embeddable":true,"href":"https:\/\/blog.ilgiornale.it\/ruzzo\/wp-json\/wp\/v2\/tags?post=39384"}],"curies":[{"name":"wp","href":"https:\/\/api.w.org\/{rel}","templated":true}]}}