{"id":39393,"date":"2026-02-23T19:28:13","date_gmt":"2026-02-23T18:28:13","guid":{"rendered":"https:\/\/blog.ilgiornale.it\/ruzzo\/?p=39393"},"modified":"2026-02-23T19:28:13","modified_gmt":"2026-02-23T18:28:13","slug":"vigorelli-dal-tre-marzo-si-torna-in-pista","status":"publish","type":"post","link":"https:\/\/blog.ilgiornale.it\/ruzzo\/2026\/02\/23\/vigorelli-dal-tre-marzo-si-torna-in-pista\/","title":{"rendered":"Vigorelli: dal tre marzo si torna in pista"},"content":{"rendered":"<p><a href=\"https:\/\/blog.ilgiornale.it\/ruzzo\/2026\/02\/23\/vigorelli-dal-tre-marzo-si-torna-in-pista\/vigo-6\/\" rel=\"attachment wp-att-39395\"><img loading=\"lazy\" class=\"alignleft size-medium wp-image-39395\" src=\"https:\/\/blog.ilgiornale.it\/ruzzo\/files\/2026\/02\/vigo-229x300.jpg\" alt=\"\" width=\"229\" height=\"300\" srcset=\"https:\/\/blog.ilgiornale.it\/ruzzo\/files\/2026\/02\/vigo-229x300.jpg 229w, https:\/\/blog.ilgiornale.it\/ruzzo\/files\/2026\/02\/vigo.jpg 670w\" sizes=\"(max-width: 229px) 100vw, 229px\" \/><\/a>Il Velodromo Vigorelli- Maspes in cui si \u00e8 scritta la storia del ciclismo \u00e8 pronto per la nuova stagione. E sar\u00e0 una stagione a tutto tondo con rugby, minirugby, football americano, gare, incontri, open day ciclistici, eventi di aziende del mondo bike, presentazioni di libri a tema ciclistico, una mostra interattiva dedicata al Giro d&#8217;Italia per gli 80 anni della ripartenza del Giro dal Vigorelli dopo la Seconda Guerra Mondiale e i 30 anni dalla scomparsa di patron Vincenzo Torriani.<\/p>\n<p><strong>Ma sar\u00e0 soprattutto una nuova stagione ciclistica<\/strong> che punter\u00e0 a coinvolgere i giovani e gli amatori. Dal 3 marzo infatti il velodromo milanese sar\u00e0 aperto tutti i marted\u00ec e gioved\u00ec dalle ore 11 alle ore 18 a tutti i ciclisti tesserati per la Federazione Ciclistica Italiana o per un Ente di Promozione Sportiva o in possesso del certificato medico agonistico che vorranno provare l\u2019ebrezza di girare in pista o anche allenarsi. Per una mezza giornata il prezzo da pagare all&#8217;ingresso sar\u00e0 di 10 euro ad atleta e se non si dispone di una bicicletta da pista, si potr\u00e0 noleggiare al velodromo pi\u00f9 o meno sulla alla stessa cifra. Oltre alla mitica pista in legno di abete rosso, saranno a disposizione spogliatoi con docce, deposito bici e ciclofficina.<\/p>\n<p><strong>Una stagione ricca di novit\u00e0 che sar\u00e0 gestita da Milanosport, la SpA del Comune che gestisce le strutture sportive pubbliche milanesi, in stretta collaborazione col Comitato Velodromo Vigorelli<\/strong> e che, sempre dal 3 marzo, vedr\u00e0 l\u2019apertura all\u2019interno del Veodromo del Centro Territoriale Pista che sar\u00e0 gestito da MilanoSport e CVVigorelli con i propri tecnici e che sar\u00e0 riservato alle categorie Esordienti e Allievi. Il ciclismo punta soprattutto sull\u2019attivit\u00e0 giovanile offrendo la possibilit\u00e0 ai giovanissimi di poter imparare a pedalare su una pista iconica ma soprattutto in sicurezza e saranno organizzate anche diverse gare con le varie specialit\u00e0 a partire dal mese di aprile e riservate alle categorie giovanili femminili e maschile per la Challenge Milanosport, con apposite classifiche finali. In occasione della tappa Voghera-Milano del Giro d\u2019Italia il Vigorelli s&#8217;illuminer\u00e0 infine completamente di rosa.<\/p>\n","protected":false},"excerpt":{"rendered":"<p><p>Il Velodromo Vigorelli- Maspes in cui si \u00e8 scritta la storia del ciclismo \u00e8 pronto per la nuova stagione. E sar\u00e0 una stagione a tutto tondo con rugby, minirugby, football americano, gare, incontri, open day ciclistici, eventi di aziende del mondo bike, presentazioni di libri a tema ciclistico, una mostra interattiva dedicata al Giro d&#8217;Italia per gli 80 anni della ripartenza del Giro dal Vigorelli dopo la Seconda Guerra Mondiale e i 30 anni dalla scomparsa di patron Vincenzo Torriani. Ma sar\u00e0 soprattutto una nuova stagione ciclistica che punter\u00e0 a coinvolgere i giovani e gli amatori. Dal 3 marzo infatti [&hellip;]<\/p>\n&nbsp;&nbsp;<div class=\"readmore\"><a href=\"https:\/\/blog.ilgiornale.it\/ruzzo\/2026\/02\/23\/vigorelli-dal-tre-marzo-si-torna-in-pista\/\">Continua a leggere...<\/a><\/div><\/p>","protected":false},"author":956,"featured_media":0,"comment_status":"open","ping_status":"closed","sticky":false,"template":"","format":"standard","meta":[],"categories":[1],"tags":[],"_links":{"self":[{"href":"https:\/\/blog.ilgiornale.it\/ruzzo\/wp-json\/wp\/v2\/posts\/39393"}],"collection":[{"href":"https:\/\/blog.ilgiornale.it\/ruzzo\/wp-json\/wp\/v2\/posts"}],"about":[{"href":"https:\/\/blog.ilgiornale.it\/ruzzo\/wp-json\/wp\/v2\/types\/post"}],"author":[{"embeddable":true,"href":"https:\/\/blog.ilgiornale.it\/ruzzo\/wp-json\/wp\/v2\/users\/956"}],"replies":[{"embeddable":true,"href":"https:\/\/blog.ilgiornale.it\/ruzzo\/wp-json\/wp\/v2\/comments?post=39393"}],"version-history":[{"count":3,"href":"https:\/\/blog.ilgiornale.it\/ruzzo\/wp-json\/wp\/v2\/posts\/39393\/revisions"}],"predecessor-version":[{"id":39397,"href":"https:\/\/blog.ilgiornale.it\/ruzzo\/wp-json\/wp\/v2\/posts\/39393\/revisions\/39397"}],"wp:attachment":[{"href":"https:\/\/blog.ilgiornale.it\/ruzzo\/wp-json\/wp\/v2\/media?parent=39393"}],"wp:term":[{"taxonomy":"category","embeddable":true,"href":"https:\/\/blog.ilgiornale.it\/ruzzo\/wp-json\/wp\/v2\/categories?post=39393"},{"taxonomy":"post_tag","embeddable":true,"href":"https:\/\/blog.ilgiornale.it\/ruzzo\/wp-json\/wp\/v2\/tags?post=39393"}],"curies":[{"name":"wp","href":"https:\/\/api.w.org\/{rel}","templated":true}]}}