{"id":3946,"date":"2012-02-13T13:02:57","date_gmt":"2012-02-13T12:02:57","guid":{"rendered":"https:\/\/blog.ilgiornale.it\/ruzzo\/?p=3946"},"modified":"2012-02-13T13:14:54","modified_gmt":"2012-02-13T12:14:54","slug":"ironman-armstrong-secondo-a-panama","status":"publish","type":"post","link":"https:\/\/blog.ilgiornale.it\/ruzzo\/2012\/02\/13\/ironman-armstrong-secondo-a-panama\/","title":{"rendered":"Ironman, il cow-boy non molla: Armstrong secondo a Panama"},"content":{"rendered":"<p><a href=\"https:\/\/blog.ilgiornale.it\/ruzzo\/files\/2012\/02\/382795-lance-armstrong-triathlon1.jpg\"><img loading=\"lazy\" class=\"alignright size-thumbnail wp-image-3951\" src=\"https:\/\/blog.ilgiornale.it\/ruzzo\/files\/2012\/02\/382795-lance-armstrong-triathlon1-150x150.jpg\" alt=\"\" width=\"150\" height=\"150\" \/><\/a><a href=\"https:\/\/blog.ilgiornale.it\/ruzzo\/files\/2012\/02\/383426-lance-armstrong-triathlon.jpg\"><img loading=\"lazy\" class=\"alignright size-thumbnail wp-image-3952\" src=\"https:\/\/blog.ilgiornale.it\/ruzzo\/files\/2012\/02\/383426-lance-armstrong-triathlon-150x150.jpg\" alt=\"\" width=\"150\" height=\"150\" \/><\/a>Secondo. Lance Armstrong non vuole proprio smettere di fare sul serio. E cos\u00ec, a poco pi\u00f9 di un anno dal definitivo ritiro dal mondo dei professionisti e a vent&#8217;anni dalla sua ultima gara di triathlon, il texano\u00a0 \u00e8 salito sul secondo gradino del podio nella prima edizione dell&#8217;Ironman 70.3 di Panama.\u00a0 Non si \u00e8 accontentato e non c&#8217;erano dubbi. La sua \u00e8 stata una gara vera e ha combattuto dalla prima bracciata all&#8217;ultimo colpo di pedale, all&#8217;ultimo metro di corsa. Davanti a lui solo neozelandese Bevan Docherty, non uno qualunque, ma gi\u00e0 due volte medaglia olimpica.\u00a0 Armstrong ha finito la prova in 3:50:55\u201d a soli 42\u201d dal vincitore.\u00a0 Dopo una carriera stellare nel ciclismo il sette volte vincitore del Tour riapre cos\u00ec la pagina della sua prima passione sportiva, il triathlon.\u00a0 La gara di Panama \u00e8 stato il debutto, un buon banco di prova in vista del prossimo appuntamento al quale parteciper\u00e0, l\u2019Ironman 70.3 del Texas. E visto cosa \u00e8 successo ieri c&#8217;\u00e8 da stare sicuri che il cow boy non correr\u00e0 sulle\u00a0strade di casa\u00a0accontentandosi di arrivare secondo.<\/p>\n","protected":false},"excerpt":{"rendered":"<p><p>Secondo. Lance Armstrong non vuole proprio smettere di fare sul serio. E cos\u00ec, a poco pi\u00f9 di un anno dal definitivo ritiro dal mondo dei professionisti e a vent&#8217;anni dalla sua ultima gara di triathlon, il texano\u00a0 \u00e8 salito sul secondo gradino del podio nella prima edizione dell&#8217;Ironman 70.3 di Panama.\u00a0 Non si \u00e8 accontentato e non c&#8217;erano dubbi. La sua \u00e8 stata una gara vera e ha combattuto dalla prima bracciata all&#8217;ultimo colpo di pedale, all&#8217;ultimo metro di corsa. Davanti a lui solo neozelandese Bevan Docherty, non uno qualunque, ma gi\u00e0 due volte medaglia olimpica.\u00a0 Armstrong ha finito la [&hellip;]<\/p>\n&nbsp;&nbsp;<div class=\"readmore\"><a href=\"https:\/\/blog.ilgiornale.it\/ruzzo\/2012\/02\/13\/ironman-armstrong-secondo-a-panama\/\">Continua a leggere...<\/a><\/div><\/p>","protected":false},"author":956,"featured_media":0,"comment_status":"open","ping_status":"closed","sticky":false,"template":"","format":"standard","meta":[],"categories":[1],"tags":[8543,8545,8536,8531,8544],"_links":{"self":[{"href":"https:\/\/blog.ilgiornale.it\/ruzzo\/wp-json\/wp\/v2\/posts\/3946"}],"collection":[{"href":"https:\/\/blog.ilgiornale.it\/ruzzo\/wp-json\/wp\/v2\/posts"}],"about":[{"href":"https:\/\/blog.ilgiornale.it\/ruzzo\/wp-json\/wp\/v2\/types\/post"}],"author":[{"embeddable":true,"href":"https:\/\/blog.ilgiornale.it\/ruzzo\/wp-json\/wp\/v2\/users\/956"}],"replies":[{"embeddable":true,"href":"https:\/\/blog.ilgiornale.it\/ruzzo\/wp-json\/wp\/v2\/comments?post=3946"}],"version-history":[{"count":8,"href":"https:\/\/blog.ilgiornale.it\/ruzzo\/wp-json\/wp\/v2\/posts\/3946\/revisions"}],"predecessor-version":[{"id":3948,"href":"https:\/\/blog.ilgiornale.it\/ruzzo\/wp-json\/wp\/v2\/posts\/3946\/revisions\/3948"}],"wp:attachment":[{"href":"https:\/\/blog.ilgiornale.it\/ruzzo\/wp-json\/wp\/v2\/media?parent=3946"}],"wp:term":[{"taxonomy":"category","embeddable":true,"href":"https:\/\/blog.ilgiornale.it\/ruzzo\/wp-json\/wp\/v2\/categories?post=3946"},{"taxonomy":"post_tag","embeddable":true,"href":"https:\/\/blog.ilgiornale.it\/ruzzo\/wp-json\/wp\/v2\/tags?post=3946"}],"curies":[{"name":"wp","href":"https:\/\/api.w.org\/{rel}","templated":true}]}}