{"id":3958,"date":"2012-02-14T22:09:11","date_gmt":"2012-02-14T21:09:11","guid":{"rendered":"https:\/\/blog.ilgiornale.it\/ruzzo\/?p=3958"},"modified":"2012-02-14T22:10:46","modified_gmt":"2012-02-14T21:10:46","slug":"la-maratona-raccontata-in-tv-la-rivoluzione-parte-da-roma","status":"publish","type":"post","link":"https:\/\/blog.ilgiornale.it\/ruzzo\/2012\/02\/14\/la-maratona-raccontata-in-tv-la-rivoluzione-parte-da-roma\/","title":{"rendered":"La maratona raccontata in tv: la &#8220;rivoluzione&#8221; parte da Roma"},"content":{"rendered":"<p><a href=\"https:\/\/blog.ilgiornale.it\/ruzzo\/files\/2012\/02\/Percorso_Maratona_di_Roma_2012.jpg\"><img loading=\"lazy\" class=\"alignleft size-full wp-image-3959\" src=\"https:\/\/blog.ilgiornale.it\/ruzzo\/files\/2012\/02\/Percorso_Maratona_di_Roma_2012.jpg\" alt=\"\" width=\"595\" height=\"842\" srcset=\"https:\/\/blog.ilgiornale.it\/ruzzo\/files\/2012\/02\/Percorso_Maratona_di_Roma_2012.jpg 595w, https:\/\/blog.ilgiornale.it\/ruzzo\/files\/2012\/02\/Percorso_Maratona_di_Roma_2012-212x300.jpg 212w\" sizes=\"(max-width: 595px) 100vw, 595px\" \/><\/a><strong>Makau, Mutai, Mosop. E ancora: Gebrselasie, Tergat, Lel.<\/strong> Tutti grandissimi. Campioni stellari che hanno scritto e scriveranno pagine importantissime nella storia della maratona.\u00a0 Quante volte le telecamere hanno indugiato sulle loro smorfie di fatica, sui loro sorrisi all&#8217;arrivo o sulla loro delusione? Ifinite. Forse troppe verrebbe da dire. S\u00ec perch\u00e8, se \u00e8 scarosanto che in una maratona internazionale le telecamere , le moto, le bici al seguito si piazzino sul gruppetto di testa, va anche detto che dietro ai campioni c&#8217;\u00e8 un mondo che corre e suda. Ma che raramente viene raccontato. La questione \u00e8 tutta qui. Troppo spesso le grandi maratone italiane, televisivamente parlando, sono il racconto della gara dei top runner. Fondamentale\u00a0quanto si vuole ma non sempre avvincente. Ci\u00f2 che potrebbe fare la differenza sono le storie di chi corre in retrovia. Le immagini della\u00a0fatica e della gioia dei tapascioni, le storie personali, le curiosit\u00e0, i colori, i volti, i saluti a\u00a0 mamma e papa, alla maglie, alla fidanzata&#8230; Perch\u00e8 raconto tutto questo? Perch\u00e8 un piccola rivoluzione nel modo di far vivere per immagini di una maratona internazionale sta per cominciare. E partir\u00e0 il prossimo 18 marzo con la diciottesima edizione della <strong>Maratona di Roma Acea<\/strong> sugli schermi de <strong>LA7.<\/strong> Quattro ore di diretta, sulle strade della capitale tra gli scenari pi\u00f9 belli del mondo con una copertura\u00a0 pi\u00f9 dettagliata\u00a0\u00a0con telecamere personalizzate che offriranno a chi segue la corsa la cronaca di ci\u00f2 che succede davanti ma anche dietro e nella pancia del gruppo.\u00a0Non solo.\u00a0 G<\/span>li inviati della redazione del TGLA7, con il contributo esclusivo di alcuni volti noti di Rete della tv di Telecom Italia Media, seguiranno il percorso per raccogliere emozioni e commenti,anche tra il pubblico presente. LA7 proporr\u00e0 l&#8217;avvenimento in esclusiva anche in HD e in streaming live sulla piattaforma web all&#8217;indirizzo <a href=\"http:\/\/www.la7.it\/\" rel=\"nofollow nofollow\" target=\"_blank\"><span style=\"font-family: Cambria;font-size: small\">www.la7.it<\/span><\/a><span style=\"font-family: Calisto MT;font-size: small\">. Insomma\u00a0con tutte le proporzioni e i distinguo del casoLA7 prover\u00e0 a fare ci\u00f2 che la <strong>BBC<\/strong> da anni fa con la <strong>Maratona di Londra<\/strong>. Uno spettacolo nello spettacolo fatto da inviati che raccontano\u00a0da dentro\u00a0\u00a0le storie comuni che pu\u00f2 inventarsi una maratona. Che non sono solo quelle di chi arriva in due ore,\u00a0 tempi e\u00a0 record.\u00a0 Da Roma si parte, l&#8217;augurio e che gli altri si mettano in scia.<\/span><\/p>\n","protected":false},"excerpt":{"rendered":"<p><p>Makau, Mutai, Mosop. E ancora: Gebrselasie, Tergat, Lel. Tutti grandissimi. Campioni stellari che hanno scritto e scriveranno pagine importantissime nella storia della maratona.\u00a0 Quante volte le telecamere hanno indugiato sulle loro smorfie di fatica, sui loro sorrisi all&#8217;arrivo o sulla loro delusione? Ifinite. Forse troppe verrebbe da dire. S\u00ec perch\u00e8, se \u00e8 scarosanto che in una maratona internazionale le telecamere , le moto, le bici al seguito si piazzino sul gruppetto di testa, va anche detto che dietro ai campioni c&#8217;\u00e8 un mondo che corre e suda. Ma che raramente viene raccontato. La questione \u00e8 tutta qui. Troppo spesso le [&hellip;]<\/p>\n&nbsp;&nbsp;<div class=\"readmore\"><a href=\"https:\/\/blog.ilgiornale.it\/ruzzo\/2012\/02\/14\/la-maratona-raccontata-in-tv-la-rivoluzione-parte-da-roma\/\">Continua a leggere...<\/a><\/div><\/p>","protected":false},"author":956,"featured_media":0,"comment_status":"open","ping_status":"closed","sticky":false,"template":"","format":"standard","meta":[],"categories":[1],"tags":[8546,8550,8549,8548,8511,8547,6099],"_links":{"self":[{"href":"https:\/\/blog.ilgiornale.it\/ruzzo\/wp-json\/wp\/v2\/posts\/3958"}],"collection":[{"href":"https:\/\/blog.ilgiornale.it\/ruzzo\/wp-json\/wp\/v2\/posts"}],"about":[{"href":"https:\/\/blog.ilgiornale.it\/ruzzo\/wp-json\/wp\/v2\/types\/post"}],"author":[{"embeddable":true,"href":"https:\/\/blog.ilgiornale.it\/ruzzo\/wp-json\/wp\/v2\/users\/956"}],"replies":[{"embeddable":true,"href":"https:\/\/blog.ilgiornale.it\/ruzzo\/wp-json\/wp\/v2\/comments?post=3958"}],"version-history":[{"count":10,"href":"https:\/\/blog.ilgiornale.it\/ruzzo\/wp-json\/wp\/v2\/posts\/3958\/revisions"}],"predecessor-version":[{"id":3969,"href":"https:\/\/blog.ilgiornale.it\/ruzzo\/wp-json\/wp\/v2\/posts\/3958\/revisions\/3969"}],"wp:attachment":[{"href":"https:\/\/blog.ilgiornale.it\/ruzzo\/wp-json\/wp\/v2\/media?parent=3958"}],"wp:term":[{"taxonomy":"category","embeddable":true,"href":"https:\/\/blog.ilgiornale.it\/ruzzo\/wp-json\/wp\/v2\/categories?post=3958"},{"taxonomy":"post_tag","embeddable":true,"href":"https:\/\/blog.ilgiornale.it\/ruzzo\/wp-json\/wp\/v2\/tags?post=3958"}],"curies":[{"name":"wp","href":"https:\/\/api.w.org\/{rel}","templated":true}]}}