{"id":39726,"date":"2026-04-29T20:50:13","date_gmt":"2026-04-29T18:50:13","guid":{"rendered":"https:\/\/blog.ilgiornale.it\/ruzzo\/?p=39726"},"modified":"2026-04-29T20:50:13","modified_gmt":"2026-04-29T18:50:13","slug":"ultra-trail-del-lago-di-como-1-800-atleti-al-via-e-record","status":"publish","type":"post","link":"https:\/\/blog.ilgiornale.it\/ruzzo\/2026\/04\/29\/ultra-trail-del-lago-di-como-1-800-atleti-al-via-e-record\/","title":{"rendered":"Ultra trail del lago di Como: 1.800 atleti al via, \u00e8 record"},"content":{"rendered":"<p><span data-olk-copy-source=\"MessageBody\"><a href=\"https:\/\/blog.ilgiornale.it\/ruzzo\/2026\/04\/29\/ultra-trail-del-lago-di-como-1-800-atleti-al-via-e-record\/trail-como\/\" rel=\"attachment wp-att-39727\"><img loading=\"lazy\" class=\"alignleft size-medium wp-image-39727\" src=\"https:\/\/blog.ilgiornale.it\/ruzzo\/files\/2026\/04\/trail-como-300x196.jpg\" alt=\"\" width=\"300\" height=\"196\" srcset=\"https:\/\/blog.ilgiornale.it\/ruzzo\/files\/2026\/04\/trail-como-300x196.jpg 300w, https:\/\/blog.ilgiornale.it\/ruzzo\/files\/2026\/04\/trail-como-1024x667.jpg 1024w, https:\/\/blog.ilgiornale.it\/ruzzo\/files\/2026\/04\/trail-como-768x501.jpg 768w, https:\/\/blog.ilgiornale.it\/ruzzo\/files\/2026\/04\/trail-como.jpg 1031w\" sizes=\"(max-width: 300px) 100vw, 300px\" \/><\/a>Edizione record per l&#8217; Ultra Trail del Lago di Como (UTLAC) in programma dal 6 al 10 maggio con poco meno di 1.800 atleti al via provenienti da 47 nazioni, di tutti i continenti, con una presenza femminile pari al 25 per cento. Gara &#8220;tosta&#8221;, l&#8217;Utlac si corre\u00a0 sulla distanza &#8220;regina&#8221; 250 km in autonavigazione ( un grande anello attorno al Lago di Como) e su quella di 120\u00a0 Menaggio\u2013Lecco che \u00e8 la novit\u00e0 assoluta di questa edizione. Non solo. Per chi vuole avvicinarsi al trail running sono infatti previste anche\u00a0 la 60 km Como\u2013Lecco, la 30 km Bellagio\u2013Lecco e il suggestivo giro del Parco del Monte Barro di 15 km che hanno gi\u00e0 fatto registrare il sold out, <\/span><span data-olk-copy-source=\"MessageBody\">a testimonianza di un format sempre pi\u00f9 apprezzato. <\/span><\/p>\n<p><span data-olk-copy-source=\"MessageBody\">L&#8217;ultra trial del lago di Como, ormai tra i pi\u00f9 apprezzati appuntamenti di questa specialit\u00e0, \u00e8 stat presentato stamettina a palazzo Lombardia con la presenza degi organizzatori e del sottosegretario alla Presidenza di Regione Lombardia con delega a <span class=\"mark0cm11pv02\" data-markjs=\"true\" data-ogac=\"\" data-ogab=\"\" data-ogsc=\"\" data-ogsb=\"\">Sport<\/span> e giovani Federica Picchi e del\u00a0 consigliere regionale Giacomo Zamperini. &#8220;I numeri dell&#8217;Utlac Trail s<\/span>ono straordinari &#8211; ha dichiarato Picchi- e ci\u00f2 conferma quanto questa sfida sia un modello avanzato di evento <span class=\"mark0cm11pv02\" data-markjs=\"true\" data-ogac=\"\" data-ogab=\"\" data-ogsc=\"\" data-ogsb=\"\">sport<\/span>ivo diffuso, capace di produrre significative ricadute economiche, turistiche e sociali su un\u2019ampia area della Lombardia. La manifestazione, da quest&#8217;anno sostenuta con un finanziamento di 30 mila euro nell&#8217;ambito del bando Grandi Eventi\u00a0<span class=\"mark0cm11pv02\" data-markjs=\"true\" data-ogac=\"\" data-ogab=\"\" data-ogsc=\"\" data-ogsb=\"\">Sport<\/span>ivi, coinvolge oltre 50 comuni delle province di Lecco, Como e Sondrio, conta sul 30per cento di partecipanti stranieri e si snoda lungo antichi sentieri, parchi naturali, borghi e mete turistiche del Lago di Como e delle Prealpi Lombarde, di cui si presta come straordinaria vetrina. La scelta di distribuire partenze e arrivi in localit\u00e0 diverse favorisce, inoltre, una permanenza pi\u00f9 lunga di atleti e accompagnatori nei territori coinvolti, rafforzando il rapporto tra gli <span class=\"mark0cm11pv02\" data-markjs=\"true\" data-ogac=\"\" data-ogab=\"\" data-ogsc=\"\" data-ogsb=\"\">sport<\/span>ivi e le comunit\u00e0 ospitanti. Un vero modello che fa di\u00a0<span class=\"mark0cm11pv02\" data-markjs=\"true\" data-ogac=\"\" data-ogab=\"\" data-ogsc=\"\" data-ogsb=\"\">sport<\/span>\u00a0e turismo un connubio vincente a beneficio dei cittadini e dei territori, che Regione Lombardia sostiene con orgoglio\u201d.<\/p>\n<p>\u201cIl format \u00e8 nato nel 2022. Volevamo arrivare a coprire tutte queste distanze, e ora il progetto \u00e8 completo. Non ce ne saranno di nuove. E ricordiamoci che il primo anno eravamo partiti con 200 partecipanti, su due distanze\u201d\u00a0 spiegano gli organizzatori, sottolineando una crescita costante che ha portato UTLAC a essere oggi un punto di riferimento per l\u2019ultra trail europeo.<\/p>\n","protected":false},"excerpt":{"rendered":"<p><p>Edizione record per l&#8217; Ultra Trail del Lago di Como (UTLAC) in programma dal 6 al 10 maggio con poco meno di 1.800 atleti al via provenienti da 47 nazioni, di tutti i continenti, con una presenza femminile pari al 25 per cento. Gara &#8220;tosta&#8221;, l&#8217;Utlac si corre\u00a0 sulla distanza &#8220;regina&#8221; 250 km in autonavigazione ( un grande anello attorno al Lago di Como) e su quella di 120\u00a0 Menaggio\u2013Lecco che \u00e8 la novit\u00e0 assoluta di questa edizione. Non solo. Per chi vuole avvicinarsi al trail running sono infatti previste anche\u00a0 la 60 km Como\u2013Lecco, la 30 km Bellagio\u2013Lecco e [&hellip;]<\/p>\n&nbsp;&nbsp;<div class=\"readmore\"><a href=\"https:\/\/blog.ilgiornale.it\/ruzzo\/2026\/04\/29\/ultra-trail-del-lago-di-como-1-800-atleti-al-via-e-record\/\">Continua a leggere...<\/a><\/div><\/p>","protected":false},"author":956,"featured_media":0,"comment_status":"open","ping_status":"closed","sticky":false,"template":"","format":"standard","meta":[],"categories":[1],"tags":[],"_links":{"self":[{"href":"https:\/\/blog.ilgiornale.it\/ruzzo\/wp-json\/wp\/v2\/posts\/39726"}],"collection":[{"href":"https:\/\/blog.ilgiornale.it\/ruzzo\/wp-json\/wp\/v2\/posts"}],"about":[{"href":"https:\/\/blog.ilgiornale.it\/ruzzo\/wp-json\/wp\/v2\/types\/post"}],"author":[{"embeddable":true,"href":"https:\/\/blog.ilgiornale.it\/ruzzo\/wp-json\/wp\/v2\/users\/956"}],"replies":[{"embeddable":true,"href":"https:\/\/blog.ilgiornale.it\/ruzzo\/wp-json\/wp\/v2\/comments?post=39726"}],"version-history":[{"count":2,"href":"https:\/\/blog.ilgiornale.it\/ruzzo\/wp-json\/wp\/v2\/posts\/39726\/revisions"}],"predecessor-version":[{"id":39729,"href":"https:\/\/blog.ilgiornale.it\/ruzzo\/wp-json\/wp\/v2\/posts\/39726\/revisions\/39729"}],"wp:attachment":[{"href":"https:\/\/blog.ilgiornale.it\/ruzzo\/wp-json\/wp\/v2\/media?parent=39726"}],"wp:term":[{"taxonomy":"category","embeddable":true,"href":"https:\/\/blog.ilgiornale.it\/ruzzo\/wp-json\/wp\/v2\/categories?post=39726"},{"taxonomy":"post_tag","embeddable":true,"href":"https:\/\/blog.ilgiornale.it\/ruzzo\/wp-json\/wp\/v2\/tags?post=39726"}],"curies":[{"name":"wp","href":"https:\/\/api.w.org\/{rel}","templated":true}]}}