{"id":40298,"date":"2026-09-02T21:04:38","date_gmt":"2026-09-02T19:04:38","guid":{"rendered":"https:\/\/blog.ilgiornale.it\/ruzzo\/?p=40298"},"modified":"2026-09-02T21:04:38","modified_gmt":"2026-09-02T19:04:38","slug":"livigno-via-all-icon-il-triathlon-piu-estremo","status":"publish","type":"post","link":"https:\/\/blog.ilgiornale.it\/ruzzo\/2026\/09\/02\/livigno-via-all-icon-il-triathlon-piu-estremo\/","title":{"rendered":"Livigno, via all&#8217; Icon il triathlon pi\u00f9 estremo"},"content":{"rendered":"<p><a href=\"https:\/\/blog.ilgiornale.it\/ruzzo\/2026\/09\/02\/livigno-via-all-icon-il-triathlon-piu-estremo\/ic-2\/\" rel=\"attachment wp-att-40299\"><img loading=\"lazy\" class=\"alignleft size-medium wp-image-40299\" src=\"https:\/\/blog.ilgiornale.it\/ruzzo\/files\/2026\/09\/ic-223x300.jpg\" alt=\"\" width=\"223\" height=\"300\" srcset=\"https:\/\/blog.ilgiornale.it\/ruzzo\/files\/2026\/09\/ic-223x300.jpg 223w, https:\/\/blog.ilgiornale.it\/ruzzo\/files\/2026\/09\/ic.jpg 477w\" sizes=\"(max-width: 223px) 100vw, 223px\" \/><\/a>Ci sono gare che iniziano con uno sparo di partenza. E poi c\u2019\u00e8 Icon il triathlon estremo che si disputer\u00e0 tra pochi giorni a Livigno. Perch\u00e9 Icon Xtreme non comincia sulla riva del Lago del Gallo alle cinque del mattino. Comincia molto prima. Nel momento in cui un atleta decide di esserci, nei mesi di preparazione che seguono, nelle sveglie all\u2019alba, nelle lunghe pedalate, nei chilometri di corsa e in tutto ci\u00f2 che accade lontano dagli occhi del pubblico. Nuotare, pedalare e correre, tutto declinato all\u2019ennesima potenza. Dopo la frazione a nuoto nel Lago di Livigno, gli atleti attraversano i passi della Forcola, del Bernina e del Forno, affrontano i leggendari 48 tornanti del Passo dello Stelvio e rientrano attraverso il Passo del Foscagno: 195 chilometri e oltre 5000 metri di dislivello sulle strade che hanno fatto la storia del ciclismo. A chiudere, la maratona che da Trepalle sale fino ai 3000 metri di Carosello 3000, l&#8217;arrivo pi\u00f9 alto dell&#8217;intero XTRI World Tour. In tutto 3,8 chilometri di nuoto, 195 di bici e 42,2 di corsa: la geografia di Livigno che diventa, tratto dopo tratto, il tracciato della gara. Venerd\u00ec 4 settembre, sulle rive del Lago del Gallo, saranno oltre 250 gli atleti provenienti da 40 Paesi pronti a prendere parte alla decima edizione. Un traguardo importante per una manifestazione che negli anni ha costruito una comunit\u00e0 internazionale e trovato a Livigno il luogo capace di rappresentarne perfettamente l\u2019identit\u00e0. Situata a 1.816 metri di altitudine, Livigno offre condizioni particolarmente adatte agli sport di endurance e alla preparazione in quota. Un elemento che negli anni ha contribuito a renderla una destinazione di riferimento per atleti professionisti e amatori, che scelgono la localit\u00e0 per allenarsi sfruttando altitudine, percorsi e infrastrutture dedicate allo sport. Una vocazione confermata anche durante l\u2019estate 2026, che ha visto Livigno ospitare numerosi training camp dedicati al triathlon, con atleti e gruppi arrivati in quota per preparare i propri appuntamenti sportivi immersi nello stesso territorio che, a settembre, diventa teatro di ICON.<\/p>\n","protected":false},"excerpt":{"rendered":"<p><p>Ci sono gare che iniziano con uno sparo di partenza. E poi c\u2019\u00e8 Icon il triathlon estremo che si disputer\u00e0 tra pochi giorni a Livigno. Perch\u00e9 Icon Xtreme non comincia sulla riva del Lago del Gallo alle cinque del mattino. Comincia molto prima. Nel momento in cui un atleta decide di esserci, nei mesi di preparazione che seguono, nelle sveglie all\u2019alba, nelle lunghe pedalate, nei chilometri di corsa e in tutto ci\u00f2 che accade lontano dagli occhi del pubblico. Nuotare, pedalare e correre, tutto declinato all\u2019ennesima potenza. Dopo la frazione a nuoto nel Lago di Livigno, gli atleti attraversano i [&hellip;]<\/p>\n&nbsp;&nbsp;<div class=\"readmore\"><a href=\"https:\/\/blog.ilgiornale.it\/ruzzo\/2026\/09\/02\/livigno-via-all-icon-il-triathlon-piu-estremo\/\">Continua a leggere...<\/a><\/div><\/p>","protected":false},"author":956,"featured_media":0,"comment_status":"open","ping_status":"closed","sticky":false,"template":"","format":"standard","meta":[],"categories":[1],"tags":[],"_links":{"self":[{"href":"https:\/\/blog.ilgiornale.it\/ruzzo\/wp-json\/wp\/v2\/posts\/40298"}],"collection":[{"href":"https:\/\/blog.ilgiornale.it\/ruzzo\/wp-json\/wp\/v2\/posts"}],"about":[{"href":"https:\/\/blog.ilgiornale.it\/ruzzo\/wp-json\/wp\/v2\/types\/post"}],"author":[{"embeddable":true,"href":"https:\/\/blog.ilgiornale.it\/ruzzo\/wp-json\/wp\/v2\/users\/956"}],"replies":[{"embeddable":true,"href":"https:\/\/blog.ilgiornale.it\/ruzzo\/wp-json\/wp\/v2\/comments?post=40298"}],"version-history":[{"count":2,"href":"https:\/\/blog.ilgiornale.it\/ruzzo\/wp-json\/wp\/v2\/posts\/40298\/revisions"}],"predecessor-version":[{"id":40301,"href":"https:\/\/blog.ilgiornale.it\/ruzzo\/wp-json\/wp\/v2\/posts\/40298\/revisions\/40301"}],"wp:attachment":[{"href":"https:\/\/blog.ilgiornale.it\/ruzzo\/wp-json\/wp\/v2\/media?parent=40298"}],"wp:term":[{"taxonomy":"category","embeddable":true,"href":"https:\/\/blog.ilgiornale.it\/ruzzo\/wp-json\/wp\/v2\/categories?post=40298"},{"taxonomy":"post_tag","embeddable":true,"href":"https:\/\/blog.ilgiornale.it\/ruzzo\/wp-json\/wp\/v2\/tags?post=40298"}],"curies":[{"name":"wp","href":"https:\/\/api.w.org\/{rel}","templated":true}]}}