{"id":4395,"date":"2012-03-19T20:25:08","date_gmt":"2012-03-19T19:25:08","guid":{"rendered":"https:\/\/blog.ilgiornale.it\/ruzzo\/?p=4395"},"modified":"2012-03-19T20:26:13","modified_gmt":"2012-03-19T19:26:13","slug":"laureus-staffetta-olimpica-alla-milano-marathon","status":"publish","type":"post","link":"https:\/\/blog.ilgiornale.it\/ruzzo\/2012\/03\/19\/laureus-staffetta-olimpica-alla-milano-marathon\/","title":{"rendered":"Laureus, staffetta olimpica alla Milano Marathon"},"content":{"rendered":"<p><a href=\"https:\/\/blog.ilgiornale.it\/ruzzo\/files\/2012\/03\/JPEG-_DSC5925-mod1.jpg\"><img loading=\"lazy\" class=\"alignleft size-medium wp-image-4398\" src=\"https:\/\/blog.ilgiornale.it\/ruzzo\/files\/2012\/03\/JPEG-_DSC5925-mod1-300x199.jpg\" alt=\"\" width=\"300\" height=\"199\" srcset=\"https:\/\/blog.ilgiornale.it\/ruzzo\/files\/2012\/03\/JPEG-_DSC5925-mod1-300x199.jpg 300w, https:\/\/blog.ilgiornale.it\/ruzzo\/files\/2012\/03\/JPEG-_DSC5925-mod1-1024x680.jpg 1024w, https:\/\/blog.ilgiornale.it\/ruzzo\/files\/2012\/03\/JPEG-_DSC5925-mod1.jpg 1287w\" sizes=\"(max-width: 300px) 100vw, 300px\" \/><\/a>Una staffetta olimpica correr\u00e0 la prossima <strong>maratona di Milano<\/strong> il 15 aprile. Una staffetta di giovani campioni che sognano Londra e intanto fanno sognare ragazzi come loro ma con destini che li hanno portati a sfide diverse in quartieri difficili della citt\u00e0 come Rozzano e Quinto stampi. Il testimone glielo passeranno grazie a <strong>Laureus<\/strong>, una onlus che da anni affronta il disagio giovanile promuovendo la pratica sportiva, quattro atleti azzurri: il vicecampione mondiale di \u00abmezzo\u00bb Ironman <strong>Daniel Fontana<\/strong>, il campione del mondo under 23 di duathlon <strong>Alessandro Fabian,<\/strong> e le campionesse italiane di triathlon olimpico <strong>Alice Betto<\/strong> e <strong>Anna Maria Mazzetti.<\/strong> Una sfida che i quattro azzurri nelle settimane scorse hanno cominciato a condividere con i ragazzi dei quartieri milanesi dove sta operando Laureus. E che non \u00e8 fatta di corse e ripetute. \u00abUna sfida importante per noi- spiega <strong>Silvana de Giovanni<\/strong>, direttrice della fondazione- E sono orgogliosa che questi quattro campioni possano diventare un esempio per gli oltre 1500 ragazzi difficili che sosteniamo ogni anno. Lo sport nelle situazioni di disagio \u00e8 un\u2019ancora di salvezza fondamentale\u00bb. Laureus, che lo scorso anno port\u00f2 in gara i nazionali di Rugby guidati dall\u2019ex capitano <strong>Alessandro Troncon<\/strong>, quest\u2019anno sar\u00e0 nuovamente al via della Barclay\u2019s marathon con una serie di staffette alle quali ci si pu\u00f2 ancora iscrivere (<a href=\"http:\/\/www.laureus.it\/\">www.laureus.it<\/a>). \u00abAbbiamo aderito a questo progetto- spiega l\u2019olimpionico di nuoto <strong>Luca Sacchi<\/strong>, presidente della <strong>DDS di Settimo<\/strong> Milanese- perch\u00e8 innanzitutto unisce una serie di valori da noi sempre condivisi. La solidariet\u00e0, la promozione dello sport in una citt\u00e0 che soffre di pigrizia amministrativa cronica a riguardo e anche per promuovere il triathlon unindo quattro atleti di societ\u00e0 diverse con obbiettivi alti come la qualificazione olimpica o l\u2019Ironman\u00bb. I quattro \u00abmoschettieri\u00bb Laureus infatti sono atleti azzurri ma, a parte il fatto di essere tutti seguiti dallo staff di <strong>Enervit<\/strong>, hanno storie ed esperienze differenti.<strong> Daniel Fontana<\/strong>, 36enne argentino naturalizzato italiano, olimpionico ad Atene e Pechino, gareggia per la DDS e quest\u2019anno punta alla finale mondiale dell\u2019ironman che si svolger\u00e0 alle Hawaii, una garetta che mette insieme 3800 metri a nuoto, 180 chilometri in bici e 42,195 metri di corsa: \u00ab\u00c9 una distanza massacrante- racconta- dove diventa tutto importantissimo. Bisogna saper gestire lo sforzo, la testa, l\u2019alimentazione&#8230;e comunque ogni volta \u00e8 una gara diversa. Perch\u00e8 ho accettato di fare il capitano della staffetta di Laureus? Perch\u00e8 credo che il messaggio che arriva dallo sport \u00e8 sempre positivo, soprattutto in certe situazioni\u00bb. Con Fontana correr\u00e0 la sua compagna di squadra in DDS <strong>Alice Betto<\/strong>, studentessa di restauro all\u2019Accademia delle Belle Arti, tra le pi\u00f9 forti triathlete italiane e <strong>Anna Maria Mazzetti<\/strong>, studentessa di Economia alla Bicocca, in forza alle Fiamme Oro. Le due azzurre sono a caccia del biglietto per le prossime olimpiadi di Londra che dovrebbero strappare, facendo tutti gli scongiuri del caso, entro maggio. Infine il carabinieri <strong>Alessandro Fabian,<\/strong> da tre anni campione italiano assoluto di triathlon. \u00c9 il meno milanese di tutti e infatti lo tradisce un bell\u2019accento padovano: \u00abHo accettato volentieri di far parte della staffetta di Laureus perch\u00e8 credo sia giusto chi fa sport come noi faccia da traino per giovani che hanno avuto esperienze meno fortunate. Il mio sogno? Le olimpiadi&#8230;ma non si dice\u00bb.<\/p>\n","protected":false},"excerpt":{"rendered":"<p><p>Una staffetta olimpica correr\u00e0 la prossima maratona di Milano il 15 aprile. Una staffetta di giovani campioni che sognano Londra e intanto fanno sognare ragazzi come loro ma con destini che li hanno portati a sfide diverse in quartieri difficili della citt\u00e0 come Rozzano e Quinto stampi. Il testimone glielo passeranno grazie a Laureus, una onlus che da anni affronta il disagio giovanile promuovendo la pratica sportiva, quattro atleti azzurri: il vicecampione mondiale di \u00abmezzo\u00bb Ironman Daniel Fontana, il campione del mondo under 23 di duathlon Alessandro Fabian, e le campionesse italiane di triathlon olimpico Alice Betto e Anna Maria [&hellip;]<\/p>\n&nbsp;&nbsp;<div class=\"readmore\"><a href=\"https:\/\/blog.ilgiornale.it\/ruzzo\/2012\/03\/19\/laureus-staffetta-olimpica-alla-milano-marathon\/\">Continua a leggere...<\/a><\/div><\/p>","protected":false},"author":956,"featured_media":0,"comment_status":"open","ping_status":"closed","sticky":false,"template":"","format":"standard","meta":[],"categories":[1],"tags":[8669,8668,8667,8666,6146,8670,8664,8525,6158,8665],"_links":{"self":[{"href":"https:\/\/blog.ilgiornale.it\/ruzzo\/wp-json\/wp\/v2\/posts\/4395"}],"collection":[{"href":"https:\/\/blog.ilgiornale.it\/ruzzo\/wp-json\/wp\/v2\/posts"}],"about":[{"href":"https:\/\/blog.ilgiornale.it\/ruzzo\/wp-json\/wp\/v2\/types\/post"}],"author":[{"embeddable":true,"href":"https:\/\/blog.ilgiornale.it\/ruzzo\/wp-json\/wp\/v2\/users\/956"}],"replies":[{"embeddable":true,"href":"https:\/\/blog.ilgiornale.it\/ruzzo\/wp-json\/wp\/v2\/comments?post=4395"}],"version-history":[{"count":4,"href":"https:\/\/blog.ilgiornale.it\/ruzzo\/wp-json\/wp\/v2\/posts\/4395\/revisions"}],"predecessor-version":[{"id":4401,"href":"https:\/\/blog.ilgiornale.it\/ruzzo\/wp-json\/wp\/v2\/posts\/4395\/revisions\/4401"}],"wp:attachment":[{"href":"https:\/\/blog.ilgiornale.it\/ruzzo\/wp-json\/wp\/v2\/media?parent=4395"}],"wp:term":[{"taxonomy":"category","embeddable":true,"href":"https:\/\/blog.ilgiornale.it\/ruzzo\/wp-json\/wp\/v2\/categories?post=4395"},{"taxonomy":"post_tag","embeddable":true,"href":"https:\/\/blog.ilgiornale.it\/ruzzo\/wp-json\/wp\/v2\/tags?post=4395"}],"curies":[{"name":"wp","href":"https:\/\/api.w.org\/{rel}","templated":true}]}}