{"id":4475,"date":"2012-03-26T16:19:07","date_gmt":"2012-03-26T15:19:07","guid":{"rendered":"https:\/\/blog.ilgiornale.it\/ruzzo\/?p=4475"},"modified":"2012-03-26T16:25:47","modified_gmt":"2012-03-26T15:25:47","slug":"trabuio-direttore-della-milano-marathon-sara-un-festa-per-tredicimila-atleti","status":"publish","type":"post","link":"https:\/\/blog.ilgiornale.it\/ruzzo\/2012\/03\/26\/trabuio-direttore-della-milano-marathon-sara-un-festa-per-tredicimila-atleti\/","title":{"rendered":"Trabuio, direttore della Milano Marathon: &#8220;Sar\u00e0 un festa per tredicimila atleti&#8221;"},"content":{"rendered":"<p>La <strong>Stramilano<\/strong> dei record va in archivio e passa il testimone alla Maratona di Milano che si corre il 15 aprile, tra tre settimane. Lo scenario sar\u00e0 pi\u00f9 o meno lo stesso e cio\u00e8 una citt\u00e0 senz&#8217;auto che, come si \u00e8 visto ieri, fa davvero la differenza. E&#8217; tutto diverso. Non ci sono automobilisti infuriati\u00a0che suonano, non c&#8217;\u00e8 gente che litiga, non c&#8217;\u00e8 la fretta di sgomerare i blocchi agli incroci. E soprattutto nelle strade della citt\u00e0 c&#8217;\u00e8 una solidariet\u00e0 differente&#8230;tutti a piedi quindi tanto vale applaudire. Per quanto riguarda<strong> Barclay&#8217;s Milano Marathon<\/strong> ormai il grosso \u00e8 stato praticamente fatto. IL percorso sar\u00e0 pi\u00f9 o meno quello della scorsa edizione e il direttore<strong> Andrea Trabuio<\/strong> che ha preso per mano questa maratona tanto travagliata\u00a0incrocia le dita&#8230;<\/p>\n<blockquote><p><strong>Che maratona sar\u00e0?<\/strong>\u00a0<br \/>\n&#8220;Intanto speriamo non faccia\u00a0 caldissimo. L&#8217;anno scorso avevo chiesto il bel tempo&#8230;ma forse ho esagerato un po&#8217;&#8221;<\/p>\n<p><strong>Le iscrizioni non sono ancora chiuse&#8230; a che punto siamo?<\/strong><br \/>\n&#8220;Diciamo ad un buon punto sia per quanto riguarda la maratona sia per quanto riguarda le staffette&#8230;Al via dovrebbero esserci tredicimila atleti. Uno pi\u00f9 uno meno&#8221;<\/p>\n<p><strong>Da qualche anno la Milano Marathon ha fatto il salto di qualit\u00e0 anche per quanto riguarda il feeling con la citt\u00e0&#8230;<\/strong><br \/>\n&#8221; Si \u00e8 vero sono in programma molte iniziative di contorno alla gara. Anche se la vera differenza la far\u00e0 la giornata ecologica. Correre senza le auto \u00e8 un&#8217;altra cosa. Quest&#8217;anno sar\u00e0 davvero una festa di sport\u00a0<\/p>\n<p><strong>Festa di sport ma anche una maratona zeppa di vip&#8230;<\/strong><br \/>\n&#8220;Con le staffette e con le onlus che le stanno organizzando scenderanno in strada molti volri noti. Da Michelle Hunzinker a Ellen Hidding a Silvia Toffanin a Giovanni Malag\u00f2. Ci saranno i comici di Zelig e anche molti sportivi: da Paolo Savoldelli a Daniel Fontana ai pugili Giacobbe Fragomeni e\u00a0Silvio Branco<\/p>\n<p><strong>Cambia la diretta tv, non sar\u00e0 la Rai a seguire la gara&#8230;<\/strong><br \/>\n&#8220;Si quest&#8217;anno la diretta della gara verr\u00e0 seguita da SportItalia e da Eurosport che trasmetter\u00e0 la gara in differita. Ma nei giorni che precederanno la gara ci saranno anche alcune trasmissioni con Lucilla Andreucci e Giorgio Rondelli che daranno consigli per chi correr\u00e0 la maratona<\/p>\n<p><strong>Tutto nuovo anche il villaggio della maratona&#8230;<\/strong><br \/>\n&#8220;Si anche questa \u00e8 una novit\u00e0. Ci spostiamo da piazza Castello alla piazza del nuovo Palazzo Lombardia. Intanto perch\u00e8 c&#8217;\u00e8 pi\u00f9 spazio e quindi l&#8217;Expo sar\u00e0 pi\u00f9 completo e articolato e poi perch\u00e8 si tratta di una sede simbolica e di prestigio<\/p>\n<p>&nbsp;<\/p><\/blockquote>\n","protected":false},"excerpt":{"rendered":"<p><p>La Stramilano dei record va in archivio e passa il testimone alla Maratona di Milano che si corre il 15 aprile, tra tre settimane. Lo scenario sar\u00e0 pi\u00f9 o meno lo stesso e cio\u00e8 una citt\u00e0 senz&#8217;auto che, come si \u00e8 visto ieri, fa davvero la differenza. E&#8217; tutto diverso. Non ci sono automobilisti infuriati\u00a0che suonano, non c&#8217;\u00e8 gente che litiga, non c&#8217;\u00e8 la fretta di sgomerare i blocchi agli incroci. E soprattutto nelle strade della citt\u00e0 c&#8217;\u00e8 una solidariet\u00e0 differente&#8230;tutti a piedi quindi tanto vale applaudire. Per quanto riguarda Barclay&#8217;s Milano Marathon ormai il grosso \u00e8 stato praticamente fatto. [&hellip;]<\/p>\n&nbsp;&nbsp;<div class=\"readmore\"><a href=\"https:\/\/blog.ilgiornale.it\/ruzzo\/2012\/03\/26\/trabuio-direttore-della-milano-marathon-sara-un-festa-per-tredicimila-atleti\/\">Continua a leggere...<\/a><\/div><\/p>","protected":false},"author":956,"featured_media":0,"comment_status":"open","ping_status":"closed","sticky":false,"template":"","format":"standard","meta":[],"categories":[1],"tags":[6089,6157,8682,8681,8684,8680,8685,6158,8679,8683,8686],"_links":{"self":[{"href":"https:\/\/blog.ilgiornale.it\/ruzzo\/wp-json\/wp\/v2\/posts\/4475"}],"collection":[{"href":"https:\/\/blog.ilgiornale.it\/ruzzo\/wp-json\/wp\/v2\/posts"}],"about":[{"href":"https:\/\/blog.ilgiornale.it\/ruzzo\/wp-json\/wp\/v2\/types\/post"}],"author":[{"embeddable":true,"href":"https:\/\/blog.ilgiornale.it\/ruzzo\/wp-json\/wp\/v2\/users\/956"}],"replies":[{"embeddable":true,"href":"https:\/\/blog.ilgiornale.it\/ruzzo\/wp-json\/wp\/v2\/comments?post=4475"}],"version-history":[{"count":12,"href":"https:\/\/blog.ilgiornale.it\/ruzzo\/wp-json\/wp\/v2\/posts\/4475\/revisions"}],"predecessor-version":[{"id":4483,"href":"https:\/\/blog.ilgiornale.it\/ruzzo\/wp-json\/wp\/v2\/posts\/4475\/revisions\/4483"}],"wp:attachment":[{"href":"https:\/\/blog.ilgiornale.it\/ruzzo\/wp-json\/wp\/v2\/media?parent=4475"}],"wp:term":[{"taxonomy":"category","embeddable":true,"href":"https:\/\/blog.ilgiornale.it\/ruzzo\/wp-json\/wp\/v2\/categories?post=4475"},{"taxonomy":"post_tag","embeddable":true,"href":"https:\/\/blog.ilgiornale.it\/ruzzo\/wp-json\/wp\/v2\/tags?post=4475"}],"curies":[{"name":"wp","href":"https:\/\/api.w.org\/{rel}","templated":true}]}}