{"id":4488,"date":"2012-03-27T16:08:36","date_gmt":"2012-03-27T15:08:36","guid":{"rendered":"https:\/\/blog.ilgiornale.it\/ruzzo\/?p=4488"},"modified":"2012-03-27T18:24:50","modified_gmt":"2012-03-27T17:24:50","slug":"venezia-o-firenze-lalli-prepara-il-suo-debutto-in-maratona","status":"publish","type":"post","link":"https:\/\/blog.ilgiornale.it\/ruzzo\/2012\/03\/27\/venezia-o-firenze-lalli-prepara-il-suo-debutto-in-maratona\/","title":{"rendered":"Torino o Venezia, Lalli prepara il suo debutto in maratona"},"content":{"rendered":"<p>\u00a0<a href=\"https:\/\/blog.ilgiornale.it\/ruzzo\/files\/2012\/03\/lalli_stramilano2012.jpg\"><img loading=\"lazy\" class=\"alignleft size-medium wp-image-4492\" src=\"https:\/\/blog.ilgiornale.it\/ruzzo\/files\/2012\/03\/lalli_stramilano2012-300x234.jpg\" alt=\"\" width=\"300\" height=\"234\" srcset=\"https:\/\/blog.ilgiornale.it\/ruzzo\/files\/2012\/03\/lalli_stramilano2012-300x234.jpg 300w, https:\/\/blog.ilgiornale.it\/ruzzo\/files\/2012\/03\/lalli_stramilano2012.jpg 600w\" sizes=\"(max-width: 300px) 100vw, 300px\" \/><\/a>Ieri sera tardi su<strong> Raisport 1<\/strong> ho rivisto la <strong>Stramilano.<\/strong> Anzi in realt\u00e0 l&#8217;ho vista perch\u00e8 domenica mattina correndo la 10 km di cosa fosse successo nella mezza maratona non mi sono praticamente accorto. Beh, sono rimasto appiccicato al video e non solo per il commento come sempre strepitoso di<strong> Franco Bragagna.<\/strong> Mi avevano riferito di una grande gara di <strong>Andrea Lalli<\/strong> che tra i tanti pregi ha anche quello di essere un molisano come me ma non mi aspettavo una corsa cos\u00ec. L&#8217;azzurro ha corso\u00a0da campione, ha limato di 1 minuto e 21 secondi il suo primato di 1 minuto e 21 secondi e alla fine ha anche provato a vincere con uno sprint forse un po&#8217; troppo frettoloso a 1 km dall&#8217;arrivo. Era dal 2006 che un azzurro non saliva sul podio della<strong> Stramilano<\/strong>, l&#8217;ultimo a farlo era stato l&#8217;olimpionico <strong>Stefano Baldini<\/strong>, terzo nel 2006. Ora, senza scomodare raffronti con il campione olimpico, che sembrano sinceramente azzardati va detto che <strong>Lalli<\/strong> c&#8217;\u00e8. L&#8217;atleta delle <strong>Fiamme Gialle<\/strong> \u00e8 un ragazzo su cui si pu\u00f2 investire anche sulle distanze pi\u00f9 lunghe. In estate andr\u00e0 in Messico per preparsri in quota poi in autuno comincer\u00e0 a pensare ad una maratona. Che potrebbe essere a Torino o a Venezia. E come dice un banalissimo proverbio&#8230;se sono rose fioriranno<\/p>\n","protected":false},"excerpt":{"rendered":"<p><p>\u00a0Ieri sera tardi su Raisport 1 ho rivisto la Stramilano. Anzi in realt\u00e0 l&#8217;ho vista perch\u00e8 domenica mattina correndo la 10 km di cosa fosse successo nella mezza maratona non mi sono praticamente accorto. Beh, sono rimasto appiccicato al video e non solo per il commento come sempre strepitoso di Franco Bragagna. Mi avevano riferito di una grande gara di Andrea Lalli che tra i tanti pregi ha anche quello di essere un molisano come me ma non mi aspettavo una corsa cos\u00ec. L&#8217;azzurro ha corso\u00a0da campione, ha limato di 1 minuto e 21 secondi il suo primato di 1 [&hellip;]<\/p>\n&nbsp;&nbsp;<div class=\"readmore\"><a href=\"https:\/\/blog.ilgiornale.it\/ruzzo\/2012\/03\/27\/venezia-o-firenze-lalli-prepara-il-suo-debutto-in-maratona\/\">Continua a leggere...<\/a><\/div><\/p>","protected":false},"author":956,"featured_media":0,"comment_status":"open","ping_status":"closed","sticky":false,"template":"","format":"standard","meta":[],"categories":[1],"tags":[3387,8687,8689,3400,8688,3395],"_links":{"self":[{"href":"https:\/\/blog.ilgiornale.it\/ruzzo\/wp-json\/wp\/v2\/posts\/4488"}],"collection":[{"href":"https:\/\/blog.ilgiornale.it\/ruzzo\/wp-json\/wp\/v2\/posts"}],"about":[{"href":"https:\/\/blog.ilgiornale.it\/ruzzo\/wp-json\/wp\/v2\/types\/post"}],"author":[{"embeddable":true,"href":"https:\/\/blog.ilgiornale.it\/ruzzo\/wp-json\/wp\/v2\/users\/956"}],"replies":[{"embeddable":true,"href":"https:\/\/blog.ilgiornale.it\/ruzzo\/wp-json\/wp\/v2\/comments?post=4488"}],"version-history":[{"count":6,"href":"https:\/\/blog.ilgiornale.it\/ruzzo\/wp-json\/wp\/v2\/posts\/4488\/revisions"}],"predecessor-version":[{"id":4496,"href":"https:\/\/blog.ilgiornale.it\/ruzzo\/wp-json\/wp\/v2\/posts\/4488\/revisions\/4496"}],"wp:attachment":[{"href":"https:\/\/blog.ilgiornale.it\/ruzzo\/wp-json\/wp\/v2\/media?parent=4488"}],"wp:term":[{"taxonomy":"category","embeddable":true,"href":"https:\/\/blog.ilgiornale.it\/ruzzo\/wp-json\/wp\/v2\/categories?post=4488"},{"taxonomy":"post_tag","embeddable":true,"href":"https:\/\/blog.ilgiornale.it\/ruzzo\/wp-json\/wp\/v2\/tags?post=4488"}],"curies":[{"name":"wp","href":"https:\/\/api.w.org\/{rel}","templated":true}]}}