{"id":450,"date":"2010-09-18T18:48:24","date_gmt":"2010-09-18T17:48:24","guid":{"rendered":"https:\/\/blog.ilgiornale.it\/ruzzo\/?p=450"},"modified":"2010-09-18T18:48:24","modified_gmt":"2010-09-18T17:48:24","slug":"cera-un-ragazzo-in-mountainbike","status":"publish","type":"post","link":"https:\/\/blog.ilgiornale.it\/ruzzo\/2010\/09\/18\/cera-un-ragazzo-in-mountainbike\/","title":{"rendered":"C&#8217;era un ragazzo in mountainbike&#8230;"},"content":{"rendered":"<p><a href=\"https:\/\/blog.ilgiornale.it\/ruzzo\/files\/2010\/09\/SDC13574.jpg\"><img loading=\"lazy\" src=\"https:\/\/blog.ilgiornale.it\/ruzzo\/files\/2010\/09\/SDC13574-300x225.jpg\" alt=\"\" width=\"300\" height=\"225\" class=\"alignleft size-medium wp-image-455\" srcset=\"https:\/\/blog.ilgiornale.it\/ruzzo\/files\/2010\/09\/SDC13574-300x225.jpg 300w, https:\/\/blog.ilgiornale.it\/ruzzo\/files\/2010\/09\/SDC13574-1024x768.jpg 1024w, https:\/\/blog.ilgiornale.it\/ruzzo\/files\/2010\/09\/SDC13574.jpg 1814w\" sizes=\"(max-width: 300px) 100vw, 300px\" \/><\/a>Niente di personale in questo post. Esattamente come nella trasmissione di Antonello Piroso su &#8220;La7&#8221;.  Anzi no, perch\u00e8 per una volta si pu\u00f2 provare a raccontare un&#8217;emozione. San vito di Gaggiano, San Pietro, Cisliano, San Giacomo e poi a casa. In tutto una ventina di chilometri nel Parco Sud alle porte di Milano, quasi tutti sullo sterrato passando tra un paio di cascine, due borghi, un campo di mais mezzo tagliato e un pioppeto fatto a pezzi perch\u00e8 questa \u00e8 la fine annunciata per questi alberi che servono a far carta. Per la cronaca pioveva a dirotto e , sempre per la cronaca, c&#8217;era un cielo grigio e basso che sembrava ti potesse cadere addosso da un momento all&#8217;altro. Ho pedalato in mountain bike e non da solo. Per la prima volta con me c&#8217;era mio figlio Pietro che ha dieci anni e mi ha seguito come un&#8217;ombra. Nessun obbligo, non gli ho chiesto nulla: mi ha visto uscire, mi ha chiesto se poteva seguirmi e cos\u00ec siamo partiti. Venti allora, non di pi\u00f9, ma tanto \u00e8 bastato per vedermelo di fianco, davanti, dietro, con il suo casco, la mantellina gialla, la sua mountainbike sporca di fango, lo sguardo concentrato e il viso felice di chi sta facendo una cosa importante. Un&#8217;oretta sotto l&#8217;acqua. Un&#8217;oretta per rendermi conto che sta diventanto grande e che sto (sic!) diventando grande anch&#8217;io. C&#8217;era un ragazzo che pedalava in mountainbike&#8230;ora c&#8217;\u00e8 un bimbo che lo segue. <\/p>\n","protected":false},"excerpt":{"rendered":"<p><p>Niente di personale in questo post. Esattamente come nella trasmissione di Antonello Piroso su &#8220;La7&#8221;. Anzi no, perch\u00e8 per una volta si pu\u00f2 provare a raccontare un&#8217;emozione. San vito di Gaggiano, San Pietro, Cisliano, San Giacomo e poi a casa. In tutto una ventina di chilometri nel Parco Sud alle porte di Milano, quasi tutti sullo sterrato passando tra un paio di cascine, due borghi, un campo di mais mezzo tagliato e un pioppeto fatto a pezzi perch\u00e8 questa \u00e8 la fine annunciata per questi alberi che servono a far carta. Per la cronaca pioveva a dirotto e , sempre [&hellip;]<\/p>\n&nbsp;&nbsp;<div class=\"readmore\"><a href=\"https:\/\/blog.ilgiornale.it\/ruzzo\/2010\/09\/18\/cera-un-ragazzo-in-mountainbike\/\">Continua a leggere...<\/a><\/div><\/p>","protected":false},"author":956,"featured_media":0,"comment_status":"open","ping_status":"closed","sticky":false,"template":"","format":"standard","meta":[],"categories":[1],"tags":[],"_links":{"self":[{"href":"https:\/\/blog.ilgiornale.it\/ruzzo\/wp-json\/wp\/v2\/posts\/450"}],"collection":[{"href":"https:\/\/blog.ilgiornale.it\/ruzzo\/wp-json\/wp\/v2\/posts"}],"about":[{"href":"https:\/\/blog.ilgiornale.it\/ruzzo\/wp-json\/wp\/v2\/types\/post"}],"author":[{"embeddable":true,"href":"https:\/\/blog.ilgiornale.it\/ruzzo\/wp-json\/wp\/v2\/users\/956"}],"replies":[{"embeddable":true,"href":"https:\/\/blog.ilgiornale.it\/ruzzo\/wp-json\/wp\/v2\/comments?post=450"}],"version-history":[{"count":6,"href":"https:\/\/blog.ilgiornale.it\/ruzzo\/wp-json\/wp\/v2\/posts\/450\/revisions"}],"predecessor-version":[{"id":457,"href":"https:\/\/blog.ilgiornale.it\/ruzzo\/wp-json\/wp\/v2\/posts\/450\/revisions\/457"}],"wp:attachment":[{"href":"https:\/\/blog.ilgiornale.it\/ruzzo\/wp-json\/wp\/v2\/media?parent=450"}],"wp:term":[{"taxonomy":"category","embeddable":true,"href":"https:\/\/blog.ilgiornale.it\/ruzzo\/wp-json\/wp\/v2\/categories?post=450"},{"taxonomy":"post_tag","embeddable":true,"href":"https:\/\/blog.ilgiornale.it\/ruzzo\/wp-json\/wp\/v2\/tags?post=450"}],"curies":[{"name":"wp","href":"https:\/\/api.w.org\/{rel}","templated":true}]}}