{"id":4538,"date":"2012-04-01T14:22:47","date_gmt":"2012-04-01T13:22:47","guid":{"rendered":"https:\/\/blog.ilgiornale.it\/ruzzo\/?p=4538"},"modified":"2012-04-01T14:26:39","modified_gmt":"2012-04-01T13:26:39","slug":"lafrica-di-luca-sacchi-un-asilo-che-vale-unolimpiade","status":"publish","type":"post","link":"https:\/\/blog.ilgiornale.it\/ruzzo\/2012\/04\/01\/lafrica-di-luca-sacchi-un-asilo-che-vale-unolimpiade\/","title":{"rendered":"L&#8217;Africa di Luca Sacchi: un asilo che vale un&#8217;olimpiade"},"content":{"rendered":"<p><a href=\"https:\/\/blog.ilgiornale.it\/ruzzo\/files\/2012\/04\/P10109551.jpg\"><img loading=\"lazy\" class=\"alignleft size-thumbnail wp-image-4544\" src=\"https:\/\/blog.ilgiornale.it\/ruzzo\/files\/2012\/04\/P10109551-150x150.jpg\" alt=\"\" width=\"150\" height=\"150\" \/><\/a><a href=\"https:\/\/blog.ilgiornale.it\/ruzzo\/files\/2012\/04\/P10108651.jpg\"><img loading=\"lazy\" class=\"alignleft size-thumbnail wp-image-4545\" src=\"https:\/\/blog.ilgiornale.it\/ruzzo\/files\/2012\/04\/P10108651-150x150.jpg\" alt=\"\" width=\"150\" height=\"150\" \/><\/a>\u00abSapevo che non sarebbe stata una vacanza ma una desolazione simile sinceramente non me l\u2019aspettavo&#8230;\u00bb. <strong>Luca Sacchi,<\/strong> olimpionico di nuoto e oggi presdiente della <strong>Dds di Settimo Milanese<\/strong>, racconta il suo pezzetto di Africa. Quello di Dakar, in Senegal, che lo ha portato per una settimana tra i bimbi della <strong>\u00abGarderie Unautremonde\u00bb,<\/strong> un asilo-scuola realizzato dai volontari di<strong> UnAltroMondo<\/strong>, una onlus milanese che da anni sostiene progetti di aiuto per i bambini africani e per assicurar loro condizioni di vita pi\u00f9 umane.<br \/>\nE per un campione che in carriera ha vinto tantissimo e oggi, con i ragazzi vive a stretto contatto perch\u00e8 il suo centro sportivo alle porte di Milano \u00e8 una vera fucina di atleti, questa \u00e8 una nuova sfida anche se non si sta pi\u00f9 a bordo vasca e non servono cronometro o tabellini dei tempi per registrare ogni virata. Ma \u00e8 un\u2019avventura che vale un\u2019olimpiade. \u00abHo incontrato i volontari di questa onlus poco tempo fa alla Festa di Baggio- racconta<strong> Sacchi-<\/strong> Erano venuti da noi per cercare di raccogliere fondi per sostenere i loro progetti. \u00c9 stato il primo contatto che poi per\u00f2 \u00e8 andato pi\u00f9 \u00ecn l\u00e0\u00bb. Da cosa nasce cosa e cos\u00ec il volto noto di chi ha vinto un bronzo alle <strong>Olimpiadi di Barcellona<\/strong> nei 400misti, di chi \u00e8 stato campione europeo, italiano e oggi commenta le gare di nuoto dai microfoni della Rai \u00e8 diventato anche il volto di una campagna di solidariet\u00e0 per aiutare i bimbi che a Dakar vivono nelle baracche. \u00abIl progetto che stiamo portando avanti- spiega- \u00e8 quello di integrare i piccoli della baraccopoli con i loro coetanei delle pi\u00f9 zone agiate di Medina. Sono rimasto senza parole nel vedere le condizioni di povert\u00e0 di certe famiglie. Dakar \u00e8 una citt\u00e0 enorme e molto estesa e la cosa strana \u00e8 che, in pieno centro, accanto ad edifici moderni ci sono zone molto povere e completamente degradate. Nelle strade poi c\u2019\u00e8 un via vai continuo di auto sgangherate e di gente che cammina con un portamento e un\u2019eleganza meravigliosa ma in mezzo a calcinacci, bancarelle improvvisate e capre&#8230;\u00bb.<br \/>\nIl progetto di apertura dell\u2019asilo \u00abGarderie unautremonde\u00bb nasce per aiutare le famiglie della baraccopoli che sorge nel cuore della citt\u00e0 al fianco della modernissima sede della Banca Bceao. Qui vivono, si fa per dire, oltre 600 persone che sono arrivate in citt\u00e0 dalle campagne e si sono accampate in condizioni, soprattutto igieniche, drammatiche. I volontari di <strong>UnAltroMondo<\/strong> da una decina di anni si prodigano per dar loro una mano: alle madri che lavorano il miglio 12 ore al giorno per pochi centesimi e ai bambini che, quando non vengono portati al lavoro sulle spalle, quasi sempre restano tra le baracche abbandonati al loro destino. La Garderie Unautremonde nasce da questi presupposti. Dall\u2019esigenza di garantire a questi bimbi un\u2019educazione, un\u2019istruzione, una crescita e di dar loro un pasto sicuro. Lo scopo \u00e8 inoltre quello di assottigliare la disparit\u00e0 di classe sociale con i loro coetanei pi\u00f9 fortunati offrire un\u2019assistenza sanitaria di base con una serie di visite mediche periodiche. \u00abL\u2019asilo ne ospita pi\u00f9 di 80- racconta <strong>Sacchi<\/strong>&#8211; Sono piccoli dai tre ai sei anni a cui si cerca di dare una possibilit\u00e0 di vita diversa che altrimenti non avrebbero. Ho passato diversi giorni con loro nelle aule insieme ai volontari. Abbiamo ascoltato le lezioni nei corridoi, giocato con loro nelle pause, \u201cspiati\u201c mentre mangiavano con le mani da un enorme piatto comune per poi stendersi sulle stuoie per il riposino. Sono bimbi che hanno la stessa voglia di imparare, di stare insieme, le stesse curiosit\u00e0 e le stesse timidezze degli altri\u00bb. Ma la <strong>Garderie Unautremonde<\/strong> che la onlus milanese ha realizzato a Dakar non \u00e8 un progetto unico. UnAltroMondo (<a href=\"http:\/\/www.unaltromondo.it\/\">www.unaltromondo.it<\/a>) infatti si muove con i suoi volontari non solo in Senegal ma anche in Mali, Togo, India e Gambia. Per aiutare che ne ha bisogno ma soprattutto i bambini, che restano sempre la parte pi\u00f9 indifesa di noi.<\/p>\n","protected":false},"excerpt":{"rendered":"<p><p>\u00abSapevo che non sarebbe stata una vacanza ma una desolazione simile sinceramente non me l\u2019aspettavo&#8230;\u00bb. Luca Sacchi, olimpionico di nuoto e oggi presdiente della Dds di Settimo Milanese, racconta il suo pezzetto di Africa. Quello di Dakar, in Senegal, che lo ha portato per una settimana tra i bimbi della \u00abGarderie Unautremonde\u00bb, un asilo-scuola realizzato dai volontari di UnAltroMondo, una onlus milanese che da anni sostiene progetti di aiuto per i bambini africani e per assicurar loro condizioni di vita pi\u00f9 umane. E per un campione che in carriera ha vinto tantissimo e oggi, con i ragazzi vive a stretto [&hellip;]<\/p>\n&nbsp;&nbsp;<div class=\"readmore\"><a href=\"https:\/\/blog.ilgiornale.it\/ruzzo\/2012\/04\/01\/lafrica-di-luca-sacchi-un-asilo-che-vale-unolimpiade\/\">Continua a leggere...<\/a><\/div><\/p>","protected":false},"author":956,"featured_media":0,"comment_status":"open","ping_status":"closed","sticky":false,"template":"","format":"standard","meta":[],"categories":[1],"tags":[6146,8693,8694,8525,8695],"_links":{"self":[{"href":"https:\/\/blog.ilgiornale.it\/ruzzo\/wp-json\/wp\/v2\/posts\/4538"}],"collection":[{"href":"https:\/\/blog.ilgiornale.it\/ruzzo\/wp-json\/wp\/v2\/posts"}],"about":[{"href":"https:\/\/blog.ilgiornale.it\/ruzzo\/wp-json\/wp\/v2\/types\/post"}],"author":[{"embeddable":true,"href":"https:\/\/blog.ilgiornale.it\/ruzzo\/wp-json\/wp\/v2\/users\/956"}],"replies":[{"embeddable":true,"href":"https:\/\/blog.ilgiornale.it\/ruzzo\/wp-json\/wp\/v2\/comments?post=4538"}],"version-history":[{"count":6,"href":"https:\/\/blog.ilgiornale.it\/ruzzo\/wp-json\/wp\/v2\/posts\/4538\/revisions"}],"predecessor-version":[{"id":4547,"href":"https:\/\/blog.ilgiornale.it\/ruzzo\/wp-json\/wp\/v2\/posts\/4538\/revisions\/4547"}],"wp:attachment":[{"href":"https:\/\/blog.ilgiornale.it\/ruzzo\/wp-json\/wp\/v2\/media?parent=4538"}],"wp:term":[{"taxonomy":"category","embeddable":true,"href":"https:\/\/blog.ilgiornale.it\/ruzzo\/wp-json\/wp\/v2\/categories?post=4538"},{"taxonomy":"post_tag","embeddable":true,"href":"https:\/\/blog.ilgiornale.it\/ruzzo\/wp-json\/wp\/v2\/tags?post=4538"}],"curies":[{"name":"wp","href":"https:\/\/api.w.org\/{rel}","templated":true}]}}