{"id":4649,"date":"2012-04-12T19:56:02","date_gmt":"2012-04-12T18:56:02","guid":{"rendered":"https:\/\/blog.ilgiornale.it\/ruzzo\/?p=4649"},"modified":"2012-04-12T20:06:19","modified_gmt":"2012-04-12T19:06:19","slug":"ellen-hidding-da-mai-dire-gol-a-mai-dire-maratona","status":"publish","type":"post","link":"https:\/\/blog.ilgiornale.it\/ruzzo\/2012\/04\/12\/ellen-hidding-da-mai-dire-gol-a-mai-dire-maratona\/","title":{"rendered":"Ellen Hidding, da Mai dire gol a Mai dire maratona&#8230;"},"content":{"rendered":"<p><a href=\"https:\/\/blog.ilgiornale.it\/ruzzo\/files\/2012\/04\/Ellen-Hidding-x-SMArathon-2-14.jpg\"><img loading=\"lazy\" class=\"alignleft size-medium wp-image-4658\" src=\"https:\/\/blog.ilgiornale.it\/ruzzo\/files\/2012\/04\/Ellen-Hidding-x-SMArathon-2-14-300x251.jpg\" alt=\"\" width=\"300\" height=\"251\" srcset=\"https:\/\/blog.ilgiornale.it\/ruzzo\/files\/2012\/04\/Ellen-Hidding-x-SMArathon-2-14-300x251.jpg 300w, https:\/\/blog.ilgiornale.it\/ruzzo\/files\/2012\/04\/Ellen-Hidding-x-SMArathon-2-14.jpg 764w\" sizes=\"(max-width: 300px) 100vw, 300px\" \/><\/a>La cosa che pi\u00f9 ti sorprende quando\u00a0incontri <strong>Ellen Hidding<\/strong> e che non se la tira.\u00a0 E potrebbe. E&#8217; bella, \u00e8 un volto noto della tv, ha lavorato con <strong>Mike<\/strong>, <strong>Bisio<\/strong>,<strong> La Gialappa&#8217;s<\/strong>, su Sky e ogni domenica con <strong>Mela Verde<\/strong> su <strong>Retequattro<\/strong> fa ascolti che molti suoi colleghi si sognano. Invece niente, neanche un po&#8217;.\u00a0 Sbaglia la strada per venire in redazione, arriva, \u00a0si scusa e accetta un caff\u00e8: &#8220;Va benissimo alla macchinetta&#8230;&#8221;. Poi si comincia. Due chiacchiere per raccontare perch\u00e8 domenica correr\u00e0 il suo primo pezzetto di maratona a Milano, perch\u00e8 si metter\u00e0 la canotta di<strong> Smarathon<\/strong> e perch\u00e8 lo sport fa da sempre parte della sua vita<\/p>\n<p>&nbsp;<\/p>\n<blockquote><p><strong>Da Mai dire gol a Mai dire maratona&#8230; Ellen Hidding domenica mattina sar\u00e0 in canotta e calzoncini tra i tredicimila atleti che correranno la Milano city marathon. Tutto sotto controllo?<\/strong><br \/>\nAssolutamente s\u00ec. Ma le dico subito che corro solo l\u2019ultimo tratto di staffetta che sono una decina di chilometri da viale Papiniano a piazza Castello<br \/>\n<strong>Corre da sola o ci sara\u00e0 qualcuno della Gialappa\u2019s a tormentarla?<\/strong><br \/>\n\u00abNo, loro restano sempre nel mio cuore ma non corrono. Sar\u00f2 in gara con alcuni miei amici e con Luca De Luca, il fondatore di Smarathon che \u00e8 una onlus che da anni raccoglie fondi per aiutare la ricerca a trovare una cura alla Sma, l\u2019atrofia muscolare spinale\u00bb<br \/>\n<strong>E magari per dieci chilometri si \u00e8 anche allenata&#8230;<\/strong><br \/>\n\u00abCerto che mi sono allenata. Intanto corro tre mattine alla settimana al Parco di Porta Venezia e poi anche sul tapis roulant in palestra. Non so quanto ci metter\u00f2 ma posso solo dire che quando mi alleno solitamente comincio a 9 all\u2019ora e finisco a 12. Tutto per una quarantina di minuti&#8230;\u00bb<br \/>\n<strong>La fa semplice&#8230;Quindi 10 chilometri di staffetta in meno di un\u2019ora<\/strong><br \/>\n\u00abS\u00ec, credo di s\u00ec. Ma non mi va di fare calcoli: \u00e8 la mia prima vera gara quindi sono un po emozionata&#8230;\u00bb<br \/>\n<strong>Non dica bugie, lei di gare ne ha gi\u00e0 fatte parecchie&#8230;<\/strong><br \/>\n\u00abTempo fa per\u00f2. Fino a 16 anni ho gareggiato in piscina a buoni livelli: facevo stile libero. Poi mi sono \u201cribellata\u201c perch\u00e8 l\u2019altra mia passione era andare a cavallo e 4 ore di allenamento al giorno in vasca erano davvero troppe\u00bb<br \/>\n<strong>Corsa, nuoto, equitazione&#8230;scusi ma lei da perfetta olandese non dovrebbe andare in bicicletta?<\/strong><br \/>\n\u00abE infatti ci vado. Nonostante mio marito si arrabbi perch\u00e8 dice che qui \u00e8 pericoloso perch\u00e8 non ci sono le corsie riservate\u00bb<br \/>\n<strong>Che fa si lamenta? Ormai vive a Milano da quasi 15 anni e non si \u00e8 ancora abituata?<\/strong><br \/>\n\u00abNo, al fatto che le piste ciclabili ad un certo punto svaniscano non mi sono ancora abituata. In Porta Venezia ad esempio c\u2019\u00e8 una pista bellissima che poi all\u2019improvvisso, puff!, sparisce. E cos\u00ec da altre parti\u00bb.<br \/>\n<strong>Quindi Milano non le piace?<\/strong><br \/>\n\u00abMi piace tantissimo invece. \u00c9 una grande citt\u00e0 ma allo stesso tempo a misura d\u2019uomo. \u00c9 accogliente e io sono a mio agio, ho tutti i miei punti di riferimento dalla scuola di mia figlia, al macellaio, al panettiere. Insomma mi ci ritrovo anche se vorrei qualche spazio in pi\u00f9 per i bimbi\u00bb<br \/>\n<strong>E magari qualche albero in pi\u00f9 come dalle sue parti a Winschoten&#8230;<\/strong><br \/>\n&lt;Beh s\u00ec, ma il mio \u00e8 un piccolo paese a 50 chilometri dal Mare del Nord. Non si possono fare paragoni. Pensi che l\u00ec mia figlia Ann Mari di sette anni quando andiamo a trovare i nonni gira da sola in bicicletta<br \/>\n<strong>Qui no ovviamente&#8230;<\/strong><br \/>\n\u00abOvviamente&#8230;\u00bb<br \/>\n<strong>Torniamo alla maratona di domenica. Lo sa ver\u00f2 che \u00e8 una domenica a piedi e non ci saranno auto?<\/strong><br \/>\n\u00abSi lo so e sono contenta&#8230;\u00bb<br \/>\n<strong>Cosa fa l\u2019ambientalista?<\/strong><br \/>\n\u00abChe c\u2019entra? Per\u00f2 a Milano lo smog e un problema reale. E io me ne accorgo guadando la faccina di Ann Mari. Dopo due tre mesi che sta qui impallidisce e bastano una settimana al mare o in montagna per farle riprendere colore\u00bb.<br \/>\n<strong>E secondo lei basta una domenicaAspasso per rimettere a posto le cose?<\/strong><br \/>\n\u00abNo, bisognerebbe mettere in regola prima tutti gli impianti di riscaldamento. Ce ne sono troppi che ancora inquinano\u00bb<br \/>\n<strong>Scusi, un\u2019ultima domanda. Ma lei la domenica mezzogiorno non \u00e8 in tv su Retequattro con Mela Verde? Come fa a correre?<\/strong><br \/>\n\u00abGuardi che registro&#8230;\u00bb<br \/>\n<strong>La trasmissione o la maratona?<\/strong><br \/>\n\u00abMa secondo lei&#8230;\u00bb<\/p><\/blockquote>\n","protected":false},"excerpt":{"rendered":"<p><p>La cosa che pi\u00f9 ti sorprende quando\u00a0incontri Ellen Hidding e che non se la tira.\u00a0 E potrebbe. E&#8217; bella, \u00e8 un volto noto della tv, ha lavorato con Mike, Bisio, La Gialappa&#8217;s, su Sky e ogni domenica con Mela Verde su Retequattro fa ascolti che molti suoi colleghi si sognano. Invece niente, neanche un po&#8217;.\u00a0 Sbaglia la strada per venire in redazione, arriva, \u00a0si scusa e accetta un caff\u00e8: &#8220;Va benissimo alla macchinetta&#8230;&#8221;. Poi si comincia. Due chiacchiere per raccontare perch\u00e8 domenica correr\u00e0 il suo primo pezzetto di maratona a Milano, perch\u00e8 si metter\u00e0 la canotta di Smarathon e perch\u00e8 [&hellip;]<\/p>\n&nbsp;&nbsp;<div class=\"readmore\"><a href=\"https:\/\/blog.ilgiornale.it\/ruzzo\/2012\/04\/12\/ellen-hidding-da-mai-dire-gol-a-mai-dire-maratona\/\">Continua a leggere...<\/a><\/div><\/p>","protected":false},"author":956,"featured_media":0,"comment_status":"open","ping_status":"closed","sticky":false,"template":"","format":"standard","meta":[],"categories":[1],"tags":[6157,11165,11168,8538,11167,11166,6158,11169,6156,11170,3406],"_links":{"self":[{"href":"https:\/\/blog.ilgiornale.it\/ruzzo\/wp-json\/wp\/v2\/posts\/4649"}],"collection":[{"href":"https:\/\/blog.ilgiornale.it\/ruzzo\/wp-json\/wp\/v2\/posts"}],"about":[{"href":"https:\/\/blog.ilgiornale.it\/ruzzo\/wp-json\/wp\/v2\/types\/post"}],"author":[{"embeddable":true,"href":"https:\/\/blog.ilgiornale.it\/ruzzo\/wp-json\/wp\/v2\/users\/956"}],"replies":[{"embeddable":true,"href":"https:\/\/blog.ilgiornale.it\/ruzzo\/wp-json\/wp\/v2\/comments?post=4649"}],"version-history":[{"count":12,"href":"https:\/\/blog.ilgiornale.it\/ruzzo\/wp-json\/wp\/v2\/posts\/4649\/revisions"}],"predecessor-version":[{"id":4666,"href":"https:\/\/blog.ilgiornale.it\/ruzzo\/wp-json\/wp\/v2\/posts\/4649\/revisions\/4666"}],"wp:attachment":[{"href":"https:\/\/blog.ilgiornale.it\/ruzzo\/wp-json\/wp\/v2\/media?parent=4649"}],"wp:term":[{"taxonomy":"category","embeddable":true,"href":"https:\/\/blog.ilgiornale.it\/ruzzo\/wp-json\/wp\/v2\/categories?post=4649"},{"taxonomy":"post_tag","embeddable":true,"href":"https:\/\/blog.ilgiornale.it\/ruzzo\/wp-json\/wp\/v2\/tags?post=4649"}],"curies":[{"name":"wp","href":"https:\/\/api.w.org\/{rel}","templated":true}]}}