{"id":4736,"date":"2012-04-20T18:34:13","date_gmt":"2012-04-20T17:34:13","guid":{"rendered":"https:\/\/blog.ilgiornale.it\/ruzzo\/?p=4736"},"modified":"2012-04-20T18:38:40","modified_gmt":"2012-04-20T17:38:40","slug":"walk-of-life-ottanta-chilometri-di-corsa-per-telethon","status":"publish","type":"post","link":"https:\/\/blog.ilgiornale.it\/ruzzo\/2012\/04\/20\/walk-of-life-ottanta-chilometri-di-corsa-per-telethon\/","title":{"rendered":"&#8220;Walk of life&#8221;, ottanta chilometri di corsa per Telethon"},"content":{"rendered":"<p><a href=\"https:\/\/blog.ilgiornale.it\/ruzzo\/files\/2012\/04\/headerHp.png\"><img loading=\"lazy\" class=\"alignleft size-thumbnail wp-image-4755\" src=\"https:\/\/blog.ilgiornale.it\/ruzzo\/files\/2012\/04\/headerHp-150x150.png\" alt=\"\" width=\"150\" height=\"150\" \/><\/a>Ottanta chilometri di beneficenza. Otto corse, in otto citt\u00e0 italiane per sostenere la lo studio sulle malattie genetiche con <strong>Telethon<\/strong> e, come recita lo spot, mai come questa volta &#8220;Il destino della ricerca sar\u00e0 nei tuoi piedi&#8221;. <strong>&#8220;Walk of life&#8221;<\/strong> \u00e8 tutta qui. E non \u00e8 poco. E cos\u00ec la nuova maratona di <strong>Telethon<\/strong> non sar\u00e0 pi\u00f9 solo una infinita diretta televisiva. Si correr\u00e0 davvero in giro per l&#8217;Italia, ogni volta 10 chilometri. Si parte domenica da <strong>Roma<\/strong> all\u2019interno di <strong>Villa Borghese<\/strong> e poi via in altre sette citt\u00e0 per dare un aiuto concreto a chi studia come curare le malattie genetiche.\u00a0 Il calendario ha gi\u00e0 le date fissate:\u00a0 il 29 aprile si correr\u00e0\u00a0 a<strong> Napoli<\/strong> e <strong>Potenza<\/strong>, il primo maggio a<strong> Bari<\/strong>, il 6 maggio a<strong> Milano<\/strong>, <strong>Torino<\/strong>, <strong>Catania<\/strong> e <strong>Lanciano.\u00a0<\/strong> Domenica nella capitale si parte alle 10 dal <strong>Parco dei Daini<\/strong> dove \u00e8 previsto anche l\u2019arrivo. In contemporanea\u00a0 partir\u00e0 anche una passeggiata non competitiva di 5 chilometri,\u00a0 aperta alle famiglie. Tra i testimonial dell\u2019iniziativa, i conduttori televisivi <strong>Fabrizio Frizzi<\/strong> ed<strong> Elisa Isoardi<\/strong>, la campionessa di scherma <strong>Margherita Granbassi<\/strong> e le nuotatrici <strong>Giorgia Consiglio<\/strong>, <strong>Romina Armellini<\/strong> e <strong>Federica Vitale<\/strong>. Ed \u00e8 il primo atto. Poi toccher\u00e0 anche a<strong> Milano,<\/strong> domenica 6 maggio con il via dal <strong>Castello Sforzesco<\/strong>. &#8220;Milano \u00e8 presente e risponde presente all\u2019appello di <strong>Telethon<\/strong>&#8211; ha detto iri il sindaco <strong>Giuliano Pisapia<\/strong> alla presentazione\u00a0dell\u2019evento a Palazzo Marino- Sono entusiasta che anche la nostra citt\u00e0 possa ospitare la <strong>\u2019Walk of Lif\u00e8,<\/strong> un\u2019iniziativa che unisce la passione per lo sport e il sostegno alla solidariet\u00e0 e all\u2019impegno per gli altri\u00bb. Quello tra Telethon e Milano \u00ab\u00e8 un legame speciale &#8211; ha affermato il direttore generale di Telethon <strong>Francesca Pasinelli<\/strong> -. Qui negli anni la nostra Fondazione ha finanziato 608 progetti di 309 ricercatori in 23 istituti diversi, con un investimento di 118 milioni di euro\u00bb.\u00a0\u00a0L\u2019iscrizione alla gara\u00a0si pu\u00f2 fare nei punti gestiti dai volontari oppure online &#8211; prevede una donazione a <strong>Telethon<\/strong> di 10 euro, mentre dall\u201911 aprile all\u20198 maggio si potr\u00e0 sostenere la ricerca anche con una chiamata da rete fissa al 45595 (valore 5 o 10 euro per clienti Telecom Italia, Infostrada, Fastweb, Tiscali o da 2 euro per TeleTu) o con un sms allo stesso numero (1 euro) per clienti Tim, Vodafone, Wind, 3, Coopvoce, PosteMobile, Noverca, Tiscali, Amobile. Lunga poi la lista di partner che sostengono \u2019Walk for Lif\u00e8, supportando Telethon nell\u2019organizzazione e favorendo le donazioni.\u00a0 Ogni informazione \u00e8 sul sito\u00a0\u00ab<a href=\"http:\/\/www.walkoflife.it\/\">http:\/\/www.walkoflife.it\/<\/a><\/p>\n","protected":false},"excerpt":{"rendered":"<p><p>Ottanta chilometri di beneficenza. Otto corse, in otto citt\u00e0 italiane per sostenere la lo studio sulle malattie genetiche con Telethon e, come recita lo spot, mai come questa volta &#8220;Il destino della ricerca sar\u00e0 nei tuoi piedi&#8221;. &#8220;Walk of life&#8221; \u00e8 tutta qui. E non \u00e8 poco. E cos\u00ec la nuova maratona di Telethon non sar\u00e0 pi\u00f9 solo una infinita diretta televisiva. Si correr\u00e0 davvero in giro per l&#8217;Italia, ogni volta 10 chilometri. Si parte domenica da Roma all\u2019interno di Villa Borghese e poi via in altre sette citt\u00e0 per dare un aiuto concreto a chi studia come curare le [&hellip;]<\/p>\n&nbsp;&nbsp;<div class=\"readmore\"><a href=\"https:\/\/blog.ilgiornale.it\/ruzzo\/2012\/04\/20\/walk-of-life-ottanta-chilometri-di-corsa-per-telethon\/\">Continua a leggere...<\/a><\/div><\/p>","protected":false},"author":956,"featured_media":0,"comment_status":"open","ping_status":"closed","sticky":false,"template":"","format":"standard","meta":[],"categories":[1],"tags":[11190,11191,11187,11188,3383,11189,3769,4598,11184,11192,11183],"_links":{"self":[{"href":"https:\/\/blog.ilgiornale.it\/ruzzo\/wp-json\/wp\/v2\/posts\/4736"}],"collection":[{"href":"https:\/\/blog.ilgiornale.it\/ruzzo\/wp-json\/wp\/v2\/posts"}],"about":[{"href":"https:\/\/blog.ilgiornale.it\/ruzzo\/wp-json\/wp\/v2\/types\/post"}],"author":[{"embeddable":true,"href":"https:\/\/blog.ilgiornale.it\/ruzzo\/wp-json\/wp\/v2\/users\/956"}],"replies":[{"embeddable":true,"href":"https:\/\/blog.ilgiornale.it\/ruzzo\/wp-json\/wp\/v2\/comments?post=4736"}],"version-history":[{"count":8,"href":"https:\/\/blog.ilgiornale.it\/ruzzo\/wp-json\/wp\/v2\/posts\/4736\/revisions"}],"predecessor-version":[{"id":4756,"href":"https:\/\/blog.ilgiornale.it\/ruzzo\/wp-json\/wp\/v2\/posts\/4736\/revisions\/4756"}],"wp:attachment":[{"href":"https:\/\/blog.ilgiornale.it\/ruzzo\/wp-json\/wp\/v2\/media?parent=4736"}],"wp:term":[{"taxonomy":"category","embeddable":true,"href":"https:\/\/blog.ilgiornale.it\/ruzzo\/wp-json\/wp\/v2\/categories?post=4736"},{"taxonomy":"post_tag","embeddable":true,"href":"https:\/\/blog.ilgiornale.it\/ruzzo\/wp-json\/wp\/v2\/tags?post=4736"}],"curies":[{"name":"wp","href":"https:\/\/api.w.org\/{rel}","templated":true}]}}