{"id":5206,"date":"2012-06-07T18:19:48","date_gmt":"2012-06-07T17:19:48","guid":{"rendered":"https:\/\/blog.ilgiornale.it\/ruzzo\/?p=5206"},"modified":"2012-06-07T18:20:06","modified_gmt":"2012-06-07T17:20:06","slug":"triennale-di-milano-la-nuova-tendenza-e-correre","status":"publish","type":"post","link":"https:\/\/blog.ilgiornale.it\/ruzzo\/2012\/06\/07\/triennale-di-milano-la-nuova-tendenza-e-correre\/","title":{"rendered":"Triennale di Milano, la nuova tendenza \u00e8 &#8220;correre&#8221;"},"content":{"rendered":"<p><a href=\"https:\/\/blog.ilgiornale.it\/ruzzo\/files\/2012\/06\/Locandina-300px.jpg\"><img loading=\"lazy\" class=\"alignleft size-full wp-image-5212\" src=\"https:\/\/blog.ilgiornale.it\/ruzzo\/files\/2012\/06\/Locandina-300px.jpg\" alt=\"\" width=\"212\" height=\"300\" \/><\/a>Passo quasi tutti i giorni davanti alla <strong>Triennale di Milano.<\/strong> Non entro, ci passo di corsa perch\u00e8 fa parte del mio circuito di allenamento dopo la riunione del mattino al <strong>Giornale.\u00a0<\/strong> Una, due, tre volte per un&#8217;oretta pi\u00f9 o meno veloce e poi di nuovo in redazione. La Triennale di Milano \u00e8 uno dei posti pi\u00f9 &#8220;in&#8221; della citt\u00e0: fa tendenza e si vede lontano un miglio. Ci sono mostre, eventi, \u00e8 un ritrovo di artisti e creativi, c&#8217;\u00e8 anche un bel locale dove si pu\u00f2 mangiare. Insomma un bel posto per incontrarsi e far cultura. Mai e poi mai mi era venuto in mente che la Triennale potesse in qualche modo legarsi alla corsa. Ma spesso sono proprio le cose che non ti aspetti a soprenderti. E cos\u00ec gioved\u00ec\u00a0 21 giugno\u00a0alle 19.30 dal partire dal Giardino della Triennale\u00a0partir\u00e0 la<strong> RUN4T<\/strong>,\u00a0 una corsa non competitiva su un\u00a0percorso sterrato di 9 Km all&#8217;interno del\u00a0Parco Sempione che, per chi non \u00e8 di Milano, \u00e8 uno dei &#8220;santuari&#8221; per \u00a0chi corre in citt\u00e0. Tre giri\u00a0 accompagnati dalle note di alcuni gruppi musicali lungo il percorso stesso e un finale di corsa con risotoro e DJ set che accoglier\u00e0 tutti\u00a0nel Giardino fino alle ore 23. Chiaro che, anche se ci sar\u00e0 un vincitore, la RUN4T\u00a0 \u00e8 pi\u00f9 un\u2019occasione per ricollegare idealmente la Triennale al Parco Sempione con il quale \u00e8 storicamente connessa e creare una cornice sportiva e culturale per i milanesi e non solo che amano corrrere e divertirsi.\u00a0 sar\u00e0 una gara particolare e quindi particolare sar\u00e0 anche il premio. <strong>RUN4T<\/strong>\u00a0 infatti oltre alla maglia\u00a0 regaler\u00e0 agli iscritti un biglietto omaggio per tutte le mostre della <strong>Triennale<\/strong> e il <strong>Triennale Design Museum<\/strong>. Per iscrizioni che si potranno fare fino al 10 giugno \u00a0basta andare sul sito <a href=\"http:\/\/www.triennale.org\/\">www.triennale.org<\/a><\/p>\n","protected":false},"excerpt":{"rendered":"<p><p>Passo quasi tutti i giorni davanti alla Triennale di Milano. Non entro, ci passo di corsa perch\u00e8 fa parte del mio circuito di allenamento dopo la riunione del mattino al Giornale.\u00a0 Una, due, tre volte per un&#8217;oretta pi\u00f9 o meno veloce e poi di nuovo in redazione. La Triennale di Milano \u00e8 uno dei posti pi\u00f9 &#8220;in&#8221; della citt\u00e0: fa tendenza e si vede lontano un miglio. Ci sono mostre, eventi, \u00e8 un ritrovo di artisti e creativi, c&#8217;\u00e8 anche un bel locale dove si pu\u00f2 mangiare. Insomma un bel posto per incontrarsi e far cultura. Mai e poi mai [&hellip;]<\/p>\n&nbsp;&nbsp;<div class=\"readmore\"><a href=\"https:\/\/blog.ilgiornale.it\/ruzzo\/2012\/06\/07\/triennale-di-milano-la-nuova-tendenza-e-correre\/\">Continua a leggere...<\/a><\/div><\/p>","protected":false},"author":956,"featured_media":0,"comment_status":"open","ping_status":"closed","sticky":false,"template":"","format":"standard","meta":[],"categories":[1],"tags":[11372,11371,8514,11368,11370,11369],"_links":{"self":[{"href":"https:\/\/blog.ilgiornale.it\/ruzzo\/wp-json\/wp\/v2\/posts\/5206"}],"collection":[{"href":"https:\/\/blog.ilgiornale.it\/ruzzo\/wp-json\/wp\/v2\/posts"}],"about":[{"href":"https:\/\/blog.ilgiornale.it\/ruzzo\/wp-json\/wp\/v2\/types\/post"}],"author":[{"embeddable":true,"href":"https:\/\/blog.ilgiornale.it\/ruzzo\/wp-json\/wp\/v2\/users\/956"}],"replies":[{"embeddable":true,"href":"https:\/\/blog.ilgiornale.it\/ruzzo\/wp-json\/wp\/v2\/comments?post=5206"}],"version-history":[{"count":6,"href":"https:\/\/blog.ilgiornale.it\/ruzzo\/wp-json\/wp\/v2\/posts\/5206\/revisions"}],"predecessor-version":[{"id":5216,"href":"https:\/\/blog.ilgiornale.it\/ruzzo\/wp-json\/wp\/v2\/posts\/5206\/revisions\/5216"}],"wp:attachment":[{"href":"https:\/\/blog.ilgiornale.it\/ruzzo\/wp-json\/wp\/v2\/media?parent=5206"}],"wp:term":[{"taxonomy":"category","embeddable":true,"href":"https:\/\/blog.ilgiornale.it\/ruzzo\/wp-json\/wp\/v2\/categories?post=5206"},{"taxonomy":"post_tag","embeddable":true,"href":"https:\/\/blog.ilgiornale.it\/ruzzo\/wp-json\/wp\/v2\/tags?post=5206"}],"curies":[{"name":"wp","href":"https:\/\/api.w.org\/{rel}","templated":true}]}}