{"id":55,"date":"2009-05-15T21:45:51","date_gmt":"2009-05-15T20:45:51","guid":{"rendered":"https:\/\/blog.ilgiornale.it\/ruzzo\/2009\/05\/15\/zurigo-una-staffetta-di-114-chilometri\/"},"modified":"2009-05-15T22:06:51","modified_gmt":"2009-05-15T21:06:51","slug":"zurigo-una-staffetta-di-114-chilometri","status":"publish","type":"post","link":"https:\/\/blog.ilgiornale.it\/ruzzo\/2009\/05\/15\/zurigo-una-staffetta-di-114-chilometri\/","title":{"rendered":"Zurigo, una staffetta di 114 chilometri"},"content":{"rendered":"<p>[photopress:SDC11499.JPG,thumb,pp_image][photopress:SDC11500.JPG,thumb,pp_image][photopress:SDC11491.JPG,thumb,pp_image][photopress:SDC11487.JPG,thumb,pp_image]Piove anche quest&#8217;anno. E&#8217; la seconda volta che veniamo in\u00a0 Svizzera per questa staffetta di 114 chilometri\u00a0 e sembra un replay gi\u00e0 visto: cielo plumbleo che col riflesso del lago sembra ancora pi\u00f9 scuro, freddo e pioggia. Boh! Incrociamo le dita e speriamo che domani si apra qulache spiraglio d&#8217;azzurro. La gara\u00a0\u00e8 tutta da correre. Nasce come sfida tra le universit\u00e0 svizzere poi negli anni \u00e8 diventata &lt;open&gt;\u00a0, cio\u00e8 corre chi vuole. Nel 2008 al via c&#8217;erano pi\u00f9 di novemila persone arrivate da mezza Europa.\u00a0Noi siamo un bel gruppetto e siamo qui per Smarathon, cio\u00e8 raccogliamo fondi per Rebecca che tradotto significa dare una mano sostanziosa alla ricerca per trovare una cura all&#8217;atrofia muscolare spinale. Una mano concreta visto che i fondi li consegna il pap\u00e0 di Rebecca direttamente nelle mani del professor Giorgio Battaglia del Besta.\u00a0Lo scorso anno \u00e8 andata bene e SMarathon \u00e8 riuscita anche a contribuire all&#8217;acquisto di una carrozzina speciale per Mohammed, un bimbo di 14 anni malato di Sma che cos\u00ec avr\u00e0 un minimo di autosufficienza in pi\u00f9. Quest&#8217;anno vedremo di fare meglio. Non \u00e8 una passeggiata. Sono 114 chilometri da dividersi in 12 frazionisti su \u00e8 gi\u00f9 per le colline di Zurigo. E se piove bisogna fare anche i conti col fango perch\u00e8 in molti tratti \u00e8 sterrato. Ieri sera Marco, che \u00e8 il vero motore di questa inizitiva, ha radunato la squadra per una cenetta informale, ha distribuito i pettorali e ha spiegato a tutti come raggiungere i punti di cambio usando i tram della citt\u00e0.\u00a0E&#8217; tutto pronto domattina alle 8 parte il primo frazionista.\u00a0<\/p>\n","protected":false},"excerpt":{"rendered":"<p><p>[photopress:SDC11499.JPG,thumb,pp_image][photopress:SDC11500.JPG,thumb,pp_image][photopress:SDC11491.JPG,thumb,pp_image][photopress:SDC11487.JPG,thumb,pp_image]Piove anche quest&#8217;anno. E&#8217; la seconda volta che veniamo in\u00a0 Svizzera per questa staffetta di 114 chilometri\u00a0 e sembra un replay gi\u00e0 visto: cielo plumbleo che col riflesso del lago sembra ancora pi\u00f9 scuro, freddo e pioggia. Boh! Incrociamo le dita e speriamo che domani si apra qulache spiraglio d&#8217;azzurro. La gara\u00a0\u00e8 tutta da correre. Nasce come sfida tra le universit\u00e0 svizzere poi negli anni \u00e8 diventata &lt;open&gt;\u00a0, cio\u00e8 corre chi vuole. Nel 2008 al via c&#8217;erano pi\u00f9 di novemila persone arrivate da mezza Europa.\u00a0Noi siamo un bel gruppetto e siamo qui per Smarathon, cio\u00e8 raccogliamo fondi per Rebecca che [&hellip;]<\/p>\n&nbsp;&nbsp;<div class=\"readmore\"><a href=\"https:\/\/blog.ilgiornale.it\/ruzzo\/2009\/05\/15\/zurigo-una-staffetta-di-114-chilometri\/\">Continua a leggere...<\/a><\/div><\/p>","protected":false},"author":956,"featured_media":0,"comment_status":"open","ping_status":"closed","sticky":false,"template":"","format":"standard","meta":[],"categories":[1],"tags":[],"_links":{"self":[{"href":"https:\/\/blog.ilgiornale.it\/ruzzo\/wp-json\/wp\/v2\/posts\/55"}],"collection":[{"href":"https:\/\/blog.ilgiornale.it\/ruzzo\/wp-json\/wp\/v2\/posts"}],"about":[{"href":"https:\/\/blog.ilgiornale.it\/ruzzo\/wp-json\/wp\/v2\/types\/post"}],"author":[{"embeddable":true,"href":"https:\/\/blog.ilgiornale.it\/ruzzo\/wp-json\/wp\/v2\/users\/956"}],"replies":[{"embeddable":true,"href":"https:\/\/blog.ilgiornale.it\/ruzzo\/wp-json\/wp\/v2\/comments?post=55"}],"version-history":[{"count":0,"href":"https:\/\/blog.ilgiornale.it\/ruzzo\/wp-json\/wp\/v2\/posts\/55\/revisions"}],"wp:attachment":[{"href":"https:\/\/blog.ilgiornale.it\/ruzzo\/wp-json\/wp\/v2\/media?parent=55"}],"wp:term":[{"taxonomy":"category","embeddable":true,"href":"https:\/\/blog.ilgiornale.it\/ruzzo\/wp-json\/wp\/v2\/categories?post=55"},{"taxonomy":"post_tag","embeddable":true,"href":"https:\/\/blog.ilgiornale.it\/ruzzo\/wp-json\/wp\/v2\/tags?post=55"}],"curies":[{"name":"wp","href":"https:\/\/api.w.org\/{rel}","templated":true}]}}