{"id":5522,"date":"2012-07-17T00:34:45","date_gmt":"2012-07-16T23:34:45","guid":{"rendered":"https:\/\/blog.ilgiornale.it\/ruzzo\/?p=5522"},"modified":"2012-07-17T00:32:10","modified_gmt":"2012-07-16T23:32:10","slug":"il-maestrale-la-salita-e-il-mare-laggiu-in-fondo","status":"publish","type":"post","link":"https:\/\/blog.ilgiornale.it\/ruzzo\/2012\/07\/17\/il-maestrale-la-salita-e-il-mare-laggiu-in-fondo\/","title":{"rendered":"Il maestrale, la salita e il mare laggi\u00f9 in fondo&#8230;"},"content":{"rendered":"<p><a href=\"https:\/\/blog.ilgiornale.it\/ruzzo\/files\/2012\/07\/rotondella.jpg\"><img loading=\"lazy\" class=\"alignleft size-medium wp-image-5523\" src=\"https:\/\/blog.ilgiornale.it\/ruzzo\/files\/2012\/07\/rotondella-300x225.jpg\" alt=\"\" width=\"300\" height=\"225\" srcset=\"https:\/\/blog.ilgiornale.it\/ruzzo\/files\/2012\/07\/rotondella-300x225.jpg 300w, https:\/\/blog.ilgiornale.it\/ruzzo\/files\/2012\/07\/rotondella.jpg 600w\" sizes=\"(max-width: 300px) 100vw, 300px\" \/><\/a>Dalla spiaggia di <strong>Marina di Nova Si<\/strong>ri a <strong>Rotondella<\/strong> ci sono una ventina di chilometri, metro pi\u00f9 metro meno. Ma non finiscono mai. Superata la statale <strong>Jonica<\/strong> si comincia a salire e la <strong>Basilicata<\/strong> \u00e8 una bella terra rude anche per chi pedala. Tre strappi secchi fino a <strong>Nova Siri<\/strong> inframezzati da una bella salitella costante. Poi quando pensi che sia finita, al bivio si riprende ad andare su verso\u00a0 <strong>Rotondella<\/strong> che \u00e8 un bel paesone costruito su una collina e credo si chiami cos\u00ec proprio per la sua forma che pi\u00f9 rotonda non si pu\u00f2. Non sono le pendenze dello <strong>Stelvio<\/strong> e del<strong> Giau<\/strong> ma con un vento di maestrale che ti soffia contro e con un caldo che sembra di avere di fronte a te la turbina di un boeing che ti sbuffa aria calda, non \u00e8 una passeggiata. Anzi. Cos\u00ec quella scalata di venti chilometri diventa un allenamento vero,\u00a0 duro come non ti aspetti, di quelli che per due o tre volte ti fanno chiedere ma \u00a0chi\u00a0\u00a0te lo fa fare \u00a0e ti fanno venire la tentazione di girare la bici e ritornare indietro in discesa. Per\u00f2 qui pi\u00f9 sali e\u00a0pi\u00f9 ti rendi conto della differenza che c&#8217;\u00e8 tra il pedalare sulle provinciali padane, con i camion che ti passano a fianco e da queste parti. C&#8217;\u00e8 un mondo in mezzo. Ci sono i profumi del ginepro e del rosmarino selvatico. Ci sono i silenzi delle strade dove per ore non incontri un&#8217;anima viva. Ci sono i colori del Sud. E cos\u00ec ti assapori la tua salita, il tuo sudore che sa di salsedine, la tua piccola impresa. E quando sei arrivato in cima vedi il mare laggi\u00f9 in fondo, il mare dove eri qualche ora fa, il mare delle sdraio e degli ombrelloni. Il mare che dalle colline sembra cos\u00ec lontano. Ed \u00e8 il premio per tutta questa fatica&#8230;<\/p>\n","protected":false},"excerpt":{"rendered":"<p><p>Dalla spiaggia di Marina di Nova Siri a Rotondella ci sono una ventina di chilometri, metro pi\u00f9 metro meno. Ma non finiscono mai. Superata la statale Jonica si comincia a salire e la Basilicata \u00e8 una bella terra rude anche per chi pedala. Tre strappi secchi fino a Nova Siri inframezzati da una bella salitella costante. Poi quando pensi che sia finita, al bivio si riprende ad andare su verso\u00a0 Rotondella che \u00e8 un bel paesone costruito su una collina e credo si chiami cos\u00ec proprio per la sua forma che pi\u00f9 rotonda non si pu\u00f2. Non sono le pendenze [&hellip;]<\/p>\n&nbsp;&nbsp;<div class=\"readmore\"><a href=\"https:\/\/blog.ilgiornale.it\/ruzzo\/2012\/07\/17\/il-maestrale-la-salita-e-il-mare-laggiu-in-fondo\/\">Continua a leggere...<\/a><\/div><\/p>","protected":false},"author":956,"featured_media":0,"comment_status":"open","ping_status":"closed","sticky":false,"template":"","format":"standard","meta":[],"categories":[1],"tags":[],"_links":{"self":[{"href":"https:\/\/blog.ilgiornale.it\/ruzzo\/wp-json\/wp\/v2\/posts\/5522"}],"collection":[{"href":"https:\/\/blog.ilgiornale.it\/ruzzo\/wp-json\/wp\/v2\/posts"}],"about":[{"href":"https:\/\/blog.ilgiornale.it\/ruzzo\/wp-json\/wp\/v2\/types\/post"}],"author":[{"embeddable":true,"href":"https:\/\/blog.ilgiornale.it\/ruzzo\/wp-json\/wp\/v2\/users\/956"}],"replies":[{"embeddable":true,"href":"https:\/\/blog.ilgiornale.it\/ruzzo\/wp-json\/wp\/v2\/comments?post=5522"}],"version-history":[{"count":3,"href":"https:\/\/blog.ilgiornale.it\/ruzzo\/wp-json\/wp\/v2\/posts\/5522\/revisions"}],"predecessor-version":[{"id":5524,"href":"https:\/\/blog.ilgiornale.it\/ruzzo\/wp-json\/wp\/v2\/posts\/5522\/revisions\/5524"}],"wp:attachment":[{"href":"https:\/\/blog.ilgiornale.it\/ruzzo\/wp-json\/wp\/v2\/media?parent=5522"}],"wp:term":[{"taxonomy":"category","embeddable":true,"href":"https:\/\/blog.ilgiornale.it\/ruzzo\/wp-json\/wp\/v2\/categories?post=5522"},{"taxonomy":"post_tag","embeddable":true,"href":"https:\/\/blog.ilgiornale.it\/ruzzo\/wp-json\/wp\/v2\/tags?post=5522"}],"curies":[{"name":"wp","href":"https:\/\/api.w.org\/{rel}","templated":true}]}}