{"id":5582,"date":"2012-07-25T00:15:15","date_gmt":"2012-07-24T23:15:15","guid":{"rendered":"https:\/\/blog.ilgiornale.it\/ruzzo\/?p=5582"},"modified":"2012-07-29T19:22:31","modified_gmt":"2012-07-29T18:22:31","slug":"rionero-sannitico-la-pioggia-il-giro-e-de-luca-e-savoldelli","status":"publish","type":"post","link":"https:\/\/blog.ilgiornale.it\/ruzzo\/2012\/07\/25\/rionero-sannitico-la-pioggia-il-giro-e-de-luca-e-savoldelli\/","title":{"rendered":"Rionero sannitico, la pioggia, il Giro , De Luca e Savoldelli"},"content":{"rendered":"<p><a href=\"https:\/\/blog.ilgiornale.it\/ruzzo\/files\/2012\/07\/cer-004-modified.jpg\"><img loading=\"lazy\" class=\"alignright size-medium wp-image-5583\" src=\"https:\/\/blog.ilgiornale.it\/ruzzo\/files\/2012\/07\/cer-004-modified-300x224.jpg\" alt=\"\" width=\"300\" height=\"224\" \/><\/a>Due anni fa , subito dopo la diretta Rai del <strong>Giro d&#8217;Italia<\/strong> mi telefona <strong>Andrea De Luca<\/strong> che lo stava commentando dalla moto e, con la voce ancora tremolante per il freddo, mi dice: &#8221; Ma tu davvero abiti vicino a <strong>Rionero Sannitico? <\/strong>Io tanto freddo in vita mia non l&#8217;ho mai preso&#8230;&#8221;. Era una delle tappe pi\u00f9 dure di quel Giro. Acqua fin dal mattino poi vento e temperature quasi invernali. Insomma un tormento per chi pedalava ma anche ( soprattutto) per chi doveva raccontare. Stessa scena quest&#8217;anno. Il Giro passa da <strong>Rionero<\/strong> e a tappa finita mi richiama Andrea: &#8221; Ciao siamo a <strong>Rionero<\/strong>, ti passo Paolo&#8221;. E anche per <strong>Savoldelli,<\/strong> che \u00e8 uomo di montagna abituato alle intemperie, \u00a0quella fu una giornata di freddo e pioggia. La replica dell&#8217;anno prima. Oggi a <strong>Rionero<\/strong>\u00a0 c&#8217;ero io. In bici. Prima una salita che da casa mia <strong>Foresta di Cerro al Volturno<\/strong> sale ad <strong>Acquaviva di Isernia, <\/strong>poi lo scollinamento del monte <strong>Ciucchetta<\/strong> e poi il <strong>Macerone<\/strong> che si arrampica ai mille metri di<strong> Rionero<\/strong>. Un paesaggio fantastico. Il silenzio, il rumore del vento, le poiane che volano alte sulla testa, due macchine nel giro di un&#8217;ora e una bella salita fatta di strappi e tornanti. Tutt&#8217;intorno una natura perfetta, intatta, verde che pi\u00f9 verde non si pu\u00f2. Ma come capita spesso da queste parti le nuvole corrono veloci e il tempo cambia nel giro di pochi minuti. E cos\u00ec \u00e8 stata pioggia e freddo anche per me. E stata sofferenza pi\u00f9 in discesa che in salita. E&#8217; stato un fiume d&#8217;acqua sotto le ruote. Sono state le mani mezze congelate e il piacere immenso di una doccia calda. Che a luglio \u00e8 davvero una cosa da raccontare.<\/p>\n","protected":false},"excerpt":{"rendered":"<p><p>Due anni fa , subito dopo la diretta Rai del Giro d&#8217;Italia mi telefona Andrea De Luca che lo stava commentando dalla moto e, con la voce ancora tremolante per il freddo, mi dice: &#8221; Ma tu davvero abiti vicino a Rionero Sannitico? Io tanto freddo in vita mia non l&#8217;ho mai preso&#8230;&#8221;. Era una delle tappe pi\u00f9 dure di quel Giro. Acqua fin dal mattino poi vento e temperature quasi invernali. Insomma un tormento per chi pedalava ma anche ( soprattutto) per chi doveva raccontare. Stessa scena quest&#8217;anno. Il Giro passa da Rionero e a tappa finita mi richiama [&hellip;]<\/p>\n&nbsp;&nbsp;<div class=\"readmore\"><a href=\"https:\/\/blog.ilgiornale.it\/ruzzo\/2012\/07\/25\/rionero-sannitico-la-pioggia-il-giro-e-de-luca-e-savoldelli\/\">Continua a leggere...<\/a><\/div><\/p>","protected":false},"author":956,"featured_media":0,"comment_status":"open","ping_status":"closed","sticky":false,"template":"","format":"standard","meta":[],"categories":[1],"tags":[14059,14060,14061,14058,8683],"_links":{"self":[{"href":"https:\/\/blog.ilgiornale.it\/ruzzo\/wp-json\/wp\/v2\/posts\/5582"}],"collection":[{"href":"https:\/\/blog.ilgiornale.it\/ruzzo\/wp-json\/wp\/v2\/posts"}],"about":[{"href":"https:\/\/blog.ilgiornale.it\/ruzzo\/wp-json\/wp\/v2\/types\/post"}],"author":[{"embeddable":true,"href":"https:\/\/blog.ilgiornale.it\/ruzzo\/wp-json\/wp\/v2\/users\/956"}],"replies":[{"embeddable":true,"href":"https:\/\/blog.ilgiornale.it\/ruzzo\/wp-json\/wp\/v2\/comments?post=5582"}],"version-history":[{"count":3,"href":"https:\/\/blog.ilgiornale.it\/ruzzo\/wp-json\/wp\/v2\/posts\/5582\/revisions"}],"predecessor-version":[{"id":5584,"href":"https:\/\/blog.ilgiornale.it\/ruzzo\/wp-json\/wp\/v2\/posts\/5582\/revisions\/5584"}],"wp:attachment":[{"href":"https:\/\/blog.ilgiornale.it\/ruzzo\/wp-json\/wp\/v2\/media?parent=5582"}],"wp:term":[{"taxonomy":"category","embeddable":true,"href":"https:\/\/blog.ilgiornale.it\/ruzzo\/wp-json\/wp\/v2\/categories?post=5582"},{"taxonomy":"post_tag","embeddable":true,"href":"https:\/\/blog.ilgiornale.it\/ruzzo\/wp-json\/wp\/v2\/tags?post=5582"}],"curies":[{"name":"wp","href":"https:\/\/api.w.org\/{rel}","templated":true}]}}