{"id":5650,"date":"2012-08-01T15:46:55","date_gmt":"2012-08-01T14:46:55","guid":{"rendered":"https:\/\/blog.ilgiornale.it\/ruzzo\/?p=5650"},"modified":"2012-08-01T15:54:12","modified_gmt":"2012-08-01T14:54:12","slug":"la-maledizione-olimpica-di-paula","status":"publish","type":"post","link":"https:\/\/blog.ilgiornale.it\/ruzzo\/2012\/08\/01\/la-maledizione-olimpica-di-paula\/","title":{"rendered":"La maledizione olimpica di Paula"},"content":{"rendered":"<p><a href=\"https:\/\/blog.ilgiornale.it\/ruzzo\/files\/2012\/08\/C_71_article_1584722_image_list_image_list_item_0_image.jpg\"><img loading=\"lazy\" class=\"alignright size-medium wp-image-5658\" src=\"https:\/\/blog.ilgiornale.it\/ruzzo\/files\/2012\/08\/C_71_article_1584722_image_list_image_list_item_0_image-300x179.jpg\" alt=\"\" width=\"300\" height=\"179\" \/><\/a>E&#8217; la pi\u00f9 forte ma non pu\u00f2 nulla contro la cattiva sorte. E&#8217; la pi\u00f9 forte ma non potr\u00e0 dimostrarlo nella maratona olimpica che vale pi\u00f9 di tutte le maratone. E&#8217; la pi\u00f9 forte ma si \u00e8 dovuta\u00a0 arrendere. La britannica <strong>Paula Radcliffe<\/strong> non sar\u00e0 in gara il 5 agosto ai Giochi di Londra. E sembra davvero una una maledizione olimpica.\u00a0\u00a0La 38enne detentrice del record del mondo di maratona (2 h 15\u201925\u00ab nel 2003) non \u00e8 mai riuscita a far bene alle Olimpiadi. Nella prova di <strong>Atene<\/strong> 2004 era la grande favorita ma problemi di salute accusati in corsa la costrinsero al ritiro. A <strong>Pechino<\/strong> 2008 ha chiuso al 23\/mo posto, dopo essersi presentata al via nonostante una frattura alla gamba sinistra riportata quattro mesi prima. E anche questa volta niente sogni di\u00a0gloria. A bloccarla \u00e8 un attacco di artite degenerativa al piede sinistro che tre settimane fa l\u2019aveva spinta a volare a <strong>Monaco<\/strong> dal celebre medico dello sport Hans Muller Wolfhart. Non c&#8217;\u00e8 stato nulla da fare\u00a0e dopo\u00a0 un ultimo\u00a0test sui <strong>Pirenei,<\/strong> Paula si \u00e8 dovuta arrendere. Avrebbe dovuto correre un gara al di sotto delle sue possibilit\u00e0. E non era questo il suo sogno<\/p>\n","protected":false},"excerpt":{"rendered":"<p><p>E&#8217; la pi\u00f9 forte ma non pu\u00f2 nulla contro la cattiva sorte. E&#8217; la pi\u00f9 forte ma non potr\u00e0 dimostrarlo nella maratona olimpica che vale pi\u00f9 di tutte le maratone. E&#8217; la pi\u00f9 forte ma si \u00e8 dovuta\u00a0 arrendere. La britannica Paula Radcliffe non sar\u00e0 in gara il 5 agosto ai Giochi di Londra. E sembra davvero una una maledizione olimpica.\u00a0\u00a0La 38enne detentrice del record del mondo di maratona (2 h 15\u201925\u00ab nel 2003) non \u00e8 mai riuscita a far bene alle Olimpiadi. Nella prova di Atene 2004 era la grande favorita ma problemi di salute accusati in corsa la [&hellip;]<\/p>\n&nbsp;&nbsp;<div class=\"readmore\"><a href=\"https:\/\/blog.ilgiornale.it\/ruzzo\/2012\/08\/01\/la-maledizione-olimpica-di-paula\/\">Continua a leggere...<\/a><\/div><\/p>","protected":false},"author":956,"featured_media":0,"comment_status":"open","ping_status":"closed","sticky":false,"template":"","format":"standard","meta":[],"categories":[1],"tags":[8551,14084,3389,8554],"_links":{"self":[{"href":"https:\/\/blog.ilgiornale.it\/ruzzo\/wp-json\/wp\/v2\/posts\/5650"}],"collection":[{"href":"https:\/\/blog.ilgiornale.it\/ruzzo\/wp-json\/wp\/v2\/posts"}],"about":[{"href":"https:\/\/blog.ilgiornale.it\/ruzzo\/wp-json\/wp\/v2\/types\/post"}],"author":[{"embeddable":true,"href":"https:\/\/blog.ilgiornale.it\/ruzzo\/wp-json\/wp\/v2\/users\/956"}],"replies":[{"embeddable":true,"href":"https:\/\/blog.ilgiornale.it\/ruzzo\/wp-json\/wp\/v2\/comments?post=5650"}],"version-history":[{"count":4,"href":"https:\/\/blog.ilgiornale.it\/ruzzo\/wp-json\/wp\/v2\/posts\/5650\/revisions"}],"predecessor-version":[{"id":5660,"href":"https:\/\/blog.ilgiornale.it\/ruzzo\/wp-json\/wp\/v2\/posts\/5650\/revisions\/5660"}],"wp:attachment":[{"href":"https:\/\/blog.ilgiornale.it\/ruzzo\/wp-json\/wp\/v2\/media?parent=5650"}],"wp:term":[{"taxonomy":"category","embeddable":true,"href":"https:\/\/blog.ilgiornale.it\/ruzzo\/wp-json\/wp\/v2\/categories?post=5650"},{"taxonomy":"post_tag","embeddable":true,"href":"https:\/\/blog.ilgiornale.it\/ruzzo\/wp-json\/wp\/v2\/tags?post=5650"}],"curies":[{"name":"wp","href":"https:\/\/api.w.org\/{rel}","templated":true}]}}