{"id":5916,"date":"2012-08-26T15:41:40","date_gmt":"2012-08-26T14:41:40","guid":{"rendered":"https:\/\/blog.ilgiornale.it\/ruzzo\/?p=5916"},"modified":"2012-08-26T16:04:50","modified_gmt":"2012-08-26T15:04:50","slug":"armstrong-torna-in-gara-ad-aspen-e-savoldelli-lo-difende","status":"publish","type":"post","link":"https:\/\/blog.ilgiornale.it\/ruzzo\/2012\/08\/26\/armstrong-torna-in-gara-ad-aspen-e-savoldelli-lo-difende\/","title":{"rendered":"Armstrong torna in gara ad Aspen e Savoldelli lo difende"},"content":{"rendered":"<p><a href=\"https:\/\/blog.ilgiornale.it\/ruzzo\/files\/2012\/08\/Lance_Ar.jpg\"><img loading=\"lazy\" class=\"alignright size-medium wp-image-5918\" src=\"https:\/\/blog.ilgiornale.it\/ruzzo\/files\/2012\/08\/Lance_Ar-200x300.jpg\" alt=\"\" width=\"200\" height=\"300\" srcset=\"https:\/\/blog.ilgiornale.it\/ruzzo\/files\/2012\/08\/Lance_Ar-200x300.jpg 200w, https:\/\/blog.ilgiornale.it\/ruzzo\/files\/2012\/08\/Lance_Ar-684x1024.jpg 684w\" sizes=\"(max-width: 200px) 100vw, 200px\" \/><\/a>Torno a parlare di <strong>Lance Armstrong<\/strong> perch\u00e8 stamattina mi hanno colpito due cose. La prima \u00e8 che il texano ieri \u00e8 tornato a correre ad <strong>Aspen<\/strong> in\u00a0<strong> Colorado<\/strong> ed \u00e8 arrivato secondo dietro un ragazzino di 16 anni che gli ha dato 5 minuti. E uno che dovrebbe avere altri pensieri per la testa\u00a0 se torna in bici a far fatica per settanta chilometri sulle montagne in un gara che non si fila nessuno, vuol proprio dire che ha la testa dura. Altro che &#8220;mollare&#8221;. L&#8217;altra \u00e8 l&#8217;intervista sul <strong>Corriere della Sera<\/strong> a <strong>Paolo Savoldelli<\/strong>, due volte vincitore del <strong>Giro e<\/strong>\u00a0suo compagno di squadra alla <strong>Discovery Channel<\/strong> nel 2005. In buona sostanza il &#8220;Savo&#8221; dice che la mano sul fuoco non la metterebbe per nessuno ma che <strong>Lance<\/strong> aveva tanti nemici e qualcuno ora vuol fargliela pagare. E ancora che era uno spaccone, che se voleva doparsi non lo avrebbe fatto certo davanti a tutta la squadra come dicono i suoi accusatori e che un&#8217;indagine che va a cercare il doping 14 anni dopo non ha senso. Allora perch\u00e8 l<strong>&#8216;Usada<\/strong> non indaga anche su\u00a0<strong>Coppi, Bartali e Merckx<\/strong>? Insomma il &#8220;Savo&#8221; mi sembra che stia dalla parte dell&#8217;americano anche\u00a0se alla fine dice: &lt;Anche con me non si \u00e8 comportato bene. Al <strong>Tour<\/strong> faceva un po&#8217; il padre-padrone e infatti ci siamo lasciati male&#8230;&#8221;.\u00a0\u00a0Vale quanto vale, comunque \u00e8 un piccolo tassello a difesa di un campione che ora molti cercano di far passare per un &#8220;tarocco&#8221;.\u00a0 A difesa di un\u00a0 atleta che nel bene e nel male rester\u00e0 nella storia del ciclismo e dello sport moderno. Che ha dato la forza di tirare avanti a milioni di malati di cancro e che, per ora, resta ancora in maglia gialla. Visto che non \u00e8 <strong>l&#8217;Usada<\/strong>, l&#8217;agenzia americana dell&#8217;antidoping,\u00a0 che pu\u00f2 decidere di cancellare le sue vittorie ma l<strong>&#8216;Uci<\/strong> , l&#8217;Unione ciclstica internazionale, che per il momento sta alla finestra. Quanto a Lance, almeno in apparenza, non sembra poi tanto preoccupato: &#8220;Nessuno deve piangere per me- ha detto ad Aspen scendendo dalla sua mtb- me la cavero&#8217; benissimo e ho un sacco di cose da fare&#8230;&#8221;. Ma cosa ti vuoi aspettare da uno spaccone cow boy texano?<\/p>\n","protected":false},"excerpt":{"rendered":"<p><p>Torno a parlare di Lance Armstrong perch\u00e8 stamattina mi hanno colpito due cose. La prima \u00e8 che il texano ieri \u00e8 tornato a correre ad Aspen in\u00a0 Colorado ed \u00e8 arrivato secondo dietro un ragazzino di 16 anni che gli ha dato 5 minuti. E uno che dovrebbe avere altri pensieri per la testa\u00a0 se torna in bici a far fatica per settanta chilometri sulle montagne in un gara che non si fila nessuno, vuol proprio dire che ha la testa dura. Altro che &#8220;mollare&#8221;. L&#8217;altra \u00e8 l&#8217;intervista sul Corriere della Sera a Paolo Savoldelli, due volte vincitore del Giro [&hellip;]<\/p>\n&nbsp;&nbsp;<div class=\"readmore\"><a href=\"https:\/\/blog.ilgiornale.it\/ruzzo\/2012\/08\/26\/armstrong-torna-in-gara-ad-aspen-e-savoldelli-lo-difende\/\">Continua a leggere...<\/a><\/div><\/p>","protected":false},"author":956,"featured_media":0,"comment_status":"open","ping_status":"closed","sticky":false,"template":"","format":"standard","meta":[],"categories":[1],"tags":[14207,14209,11396,11401,8531,8537,14208,14210],"_links":{"self":[{"href":"https:\/\/blog.ilgiornale.it\/ruzzo\/wp-json\/wp\/v2\/posts\/5916"}],"collection":[{"href":"https:\/\/blog.ilgiornale.it\/ruzzo\/wp-json\/wp\/v2\/posts"}],"about":[{"href":"https:\/\/blog.ilgiornale.it\/ruzzo\/wp-json\/wp\/v2\/types\/post"}],"author":[{"embeddable":true,"href":"https:\/\/blog.ilgiornale.it\/ruzzo\/wp-json\/wp\/v2\/users\/956"}],"replies":[{"embeddable":true,"href":"https:\/\/blog.ilgiornale.it\/ruzzo\/wp-json\/wp\/v2\/comments?post=5916"}],"version-history":[{"count":4,"href":"https:\/\/blog.ilgiornale.it\/ruzzo\/wp-json\/wp\/v2\/posts\/5916\/revisions"}],"predecessor-version":[{"id":5921,"href":"https:\/\/blog.ilgiornale.it\/ruzzo\/wp-json\/wp\/v2\/posts\/5916\/revisions\/5921"}],"wp:attachment":[{"href":"https:\/\/blog.ilgiornale.it\/ruzzo\/wp-json\/wp\/v2\/media?parent=5916"}],"wp:term":[{"taxonomy":"category","embeddable":true,"href":"https:\/\/blog.ilgiornale.it\/ruzzo\/wp-json\/wp\/v2\/categories?post=5916"},{"taxonomy":"post_tag","embeddable":true,"href":"https:\/\/blog.ilgiornale.it\/ruzzo\/wp-json\/wp\/v2\/tags?post=5916"}],"curies":[{"name":"wp","href":"https:\/\/api.w.org\/{rel}","templated":true}]}}