{"id":5923,"date":"2012-08-27T17:03:43","date_gmt":"2012-08-27T16:03:43","guid":{"rendered":"https:\/\/blog.ilgiornale.it\/ruzzo\/?p=5923"},"modified":"2012-08-27T17:03:43","modified_gmt":"2012-08-27T16:03:43","slug":"tor-de-geants-la-sfida-delle-vette","status":"publish","type":"post","link":"https:\/\/blog.ilgiornale.it\/ruzzo\/2012\/08\/27\/tor-de-geants-la-sfida-delle-vette\/","title":{"rendered":"Tor de Geants, la sfida delle vette"},"content":{"rendered":"<p><a href=\"https:\/\/blog.ilgiornale.it\/ruzzo\/files\/2012\/08\/mg0932_76505.jpg\"><img loading=\"lazy\" class=\"alignleft size-medium wp-image-5929\" src=\"https:\/\/blog.ilgiornale.it\/ruzzo\/files\/2012\/08\/mg0932_76505-300x199.jpg\" alt=\"\" width=\"300\" height=\"199\" \/><\/a>Dal 9 al 16 settembre in <strong>Val d&#8217;Aosta<\/strong> si corre la <strong>Tor des Geants<\/strong>. Una sfida per specialisti che cercano il limite sulle pi\u00f9 alte vette alpine. Due percorsi sulle\u00a0 <strong>Alte Vie valdostane\u00a0<\/strong>su uno dei tracciati pi\u00f9 difficili delle grandi gare di\u00a0ultra-trail. La\u00a0maratona delle vette, nonostante sia solo alla terza edizione, \u00e8 gi\u00e0 una classica. E non ci vuol molto a capire perch\u00e8. A renderla affascinante \u00e8 innanzitutto la durezza del percorso riservato ad atleti veri, allenati e capaci affrontare difficolt\u00e0 non comuni: 330 chilometri e\u00a0oltre 20 colli al di sopra dei 2.000 metri da scalare per 24.000 metri di dislivello positivo non concedono nessuno spazio all&#8217;improvvisazione. Chi corre qui non lo fa\u00a0 a cuor leggero insomma. L&#8217;altro punto di forza \u00e8 lo spettacolare scenario in cui si corre. \u00a0I 650 concorrenti partiranno da Courmayeur alle 10 di domenica 9 settembre con arrivo nella stessa localit\u00e0 entro le 16 di sabato 15 settembre, per un tempo massimo consentito di 150 ore, Lungo il tracciato sono previsti diversi punti di ristoro, riposo e soccorso, oltre che sette basi d\u2019accoglienza di maggior dimensione (basi vita) che divideranno il percorso in settori: da <strong>Courmayeur<\/strong> a <strong>Valgrisenche,<\/strong> 49 km per 3.996 metri di dislivello positivo; <strong>Valgrisenche-Cogne<\/strong> (56 km, 4.141 m.); <strong>Cogne-Donnas<\/strong> (44 km, 3.348 m.); <strong>Donnas-Gressoney Saint Jean<\/strong> (53 km, 4.107 m.); <strong>Gressoney Saint Jean-Valtournenche<\/strong> (39 km, 2.601 m.); <strong>Valtournenche-Ollomont<\/strong> (44 km, 2.702 m.); <strong>Ollomont-Courmayeur<\/strong> (48 km, 2.880 m.). \u00a0Tra i campioni pi\u00f9 attesi vi saranno i primi tre classificati dello scorso anno &#8211; lo svizzero <strong>Jules Gabioud,<\/strong> il francese <strong>Christophe Le Saux<\/strong> e lo spagnolo <strong>Pablo Crioda Toca<\/strong> &#8211; oltre allo svizzero <strong>Marco Gazzola<\/strong> che domin\u00f2 la gara ma venne squalificato per un errore di percorso nel finale. In campo femminile ci sar\u00e0 <strong>Anne Marie Gross,<\/strong> vincitrice delle prime due edizioni.<\/p>\n","protected":false},"excerpt":{"rendered":"<p><p>Dal 9 al 16 settembre in Val d&#8217;Aosta si corre la Tor des Geants. Una sfida per specialisti che cercano il limite sulle pi\u00f9 alte vette alpine. Due percorsi sulle\u00a0 Alte Vie valdostane\u00a0su uno dei tracciati pi\u00f9 difficili delle grandi gare di\u00a0ultra-trail. La\u00a0maratona delle vette, nonostante sia solo alla terza edizione, \u00e8 gi\u00e0 una classica. E non ci vuol molto a capire perch\u00e8. A renderla affascinante \u00e8 innanzitutto la durezza del percorso riservato ad atleti veri, allenati e capaci affrontare difficolt\u00e0 non comuni: 330 chilometri e\u00a0oltre 20 colli al di sopra dei 2.000 metri da scalare per 24.000 metri di [&hellip;]<\/p>\n&nbsp;&nbsp;<div class=\"readmore\"><a href=\"https:\/\/blog.ilgiornale.it\/ruzzo\/2012\/08\/27\/tor-de-geants-la-sfida-delle-vette\/\">Continua a leggere...<\/a><\/div><\/p>","protected":false},"author":956,"featured_media":0,"comment_status":"open","ping_status":"closed","sticky":false,"template":"","format":"standard","meta":[],"categories":[1],"tags":[14218,14221,14214,14216,14217,14220,14219,14211,14212,14213,14215],"_links":{"self":[{"href":"https:\/\/blog.ilgiornale.it\/ruzzo\/wp-json\/wp\/v2\/posts\/5923"}],"collection":[{"href":"https:\/\/blog.ilgiornale.it\/ruzzo\/wp-json\/wp\/v2\/posts"}],"about":[{"href":"https:\/\/blog.ilgiornale.it\/ruzzo\/wp-json\/wp\/v2\/types\/post"}],"author":[{"embeddable":true,"href":"https:\/\/blog.ilgiornale.it\/ruzzo\/wp-json\/wp\/v2\/users\/956"}],"replies":[{"embeddable":true,"href":"https:\/\/blog.ilgiornale.it\/ruzzo\/wp-json\/wp\/v2\/comments?post=5923"}],"version-history":[{"count":6,"href":"https:\/\/blog.ilgiornale.it\/ruzzo\/wp-json\/wp\/v2\/posts\/5923\/revisions"}],"predecessor-version":[{"id":5930,"href":"https:\/\/blog.ilgiornale.it\/ruzzo\/wp-json\/wp\/v2\/posts\/5923\/revisions\/5930"}],"wp:attachment":[{"href":"https:\/\/blog.ilgiornale.it\/ruzzo\/wp-json\/wp\/v2\/media?parent=5923"}],"wp:term":[{"taxonomy":"category","embeddable":true,"href":"https:\/\/blog.ilgiornale.it\/ruzzo\/wp-json\/wp\/v2\/categories?post=5923"},{"taxonomy":"post_tag","embeddable":true,"href":"https:\/\/blog.ilgiornale.it\/ruzzo\/wp-json\/wp\/v2\/tags?post=5923"}],"curies":[{"name":"wp","href":"https:\/\/api.w.org\/{rel}","templated":true}]}}