{"id":6174,"date":"2012-09-23T19:19:24","date_gmt":"2012-09-23T18:19:24","guid":{"rendered":"https:\/\/blog.ilgiornale.it\/ruzzo\/?p=6174"},"modified":"2012-09-23T19:41:16","modified_gmt":"2012-09-23T18:41:16","slug":"ce-un-mondiale-di-maratona-in-canoa-e-le-azzurre-sono-dargento","status":"publish","type":"post","link":"https:\/\/blog.ilgiornale.it\/ruzzo\/2012\/09\/23\/ce-un-mondiale-di-maratona-in-canoa-e-le-azzurre-sono-dargento\/","title":{"rendered":"C&#8217;\u00e8 un mondiale di maratona  in canoa: e le azzurre sono d&#8217;argento"},"content":{"rendered":"<p><a href=\"https:\/\/blog.ilgiornale.it\/ruzzo\/files\/2012\/09\/cicali_kayak01g.jpg\"><img loading=\"lazy\" class=\"alignleft size-medium wp-image-6177\" src=\"https:\/\/blog.ilgiornale.it\/ruzzo\/files\/2012\/09\/cicali_kayak01g-300x227.jpg\" alt=\"\" width=\"300\" height=\"227\" srcset=\"https:\/\/blog.ilgiornale.it\/ruzzo\/files\/2012\/09\/cicali_kayak01g-300x227.jpg 300w, https:\/\/blog.ilgiornale.it\/ruzzo\/files\/2012\/09\/cicali_kayak01g.jpg 330w\" sizes=\"(max-width: 300px) 100vw, 300px\" \/><\/a>C&#8217;\u00e8 anche una maratona che si corre in canoa. Una maratona di 30 chilometri che si fa pi\u00f9 con le braccia che con le gambe sfidando\u00a0scie e correnti\u00a0e che in questi\u00a0 giorni sulle acque del <strong>Tevere<\/strong> ha regalato all&#8217;Italia diverse medaglie mondiali. Bravi tutti gli azzurri ma la vetrina se la guadagnano\u00a0<strong>Stefania Cicali<\/strong> medaglia d&#8217;argento nel K1 o oggi ancora d&#8217;argento nel K2 e <strong>Anna Alberti ,<\/strong> triestina in forza al circolo <strong>Canottieri Aniene. <\/strong>La <strong>Cicali\u00a0<\/strong>\u00a0delle <strong>Fiamme Azzurre\u00a0<\/strong>ha cominciato a pagaiare ispirata dalla vittoria di <strong>Antonio Rossi<\/strong> ad Atlanta nel &#8217;96.\u00a0 Un gioco che \u00e8 diventato passione e che l&#8217;ha portata sul podio mondiale\u00a0: \u00abLa medaglia conquistata oggi \u00e8 ancora pi\u00f9 bella rispetto a quella di ieri &#8211; spiega &#8211; perch\u00e8 abbiamo messo in acqua una grande gara, fatta di tecnica e tenacia. L\u2019unione che ci lega \u00e8 uscita fuori oggi in questa gara, siamo soddisfatte e felici\u00bb.<\/p>\n","protected":false},"excerpt":{"rendered":"<p><p>C&#8217;\u00e8 anche una maratona che si corre in canoa. Una maratona di 30 chilometri che si fa pi\u00f9 con le braccia che con le gambe sfidando\u00a0scie e correnti\u00a0e che in questi\u00a0 giorni sulle acque del Tevere ha regalato all&#8217;Italia diverse medaglie mondiali. Bravi tutti gli azzurri ma la vetrina se la guadagnano\u00a0Stefania Cicali medaglia d&#8217;argento nel K1 o oggi ancora d&#8217;argento nel K2 e Anna Alberti , triestina in forza al circolo Canottieri Aniene. La Cicali\u00a0\u00a0delle Fiamme Azzurre\u00a0ha cominciato a pagaiare ispirata dalla vittoria di Antonio Rossi ad Atlanta nel &#8217;96.\u00a0 Un gioco che \u00e8 diventato passione e che l&#8217;ha [&hellip;]<\/p>\n&nbsp;&nbsp;<div class=\"readmore\"><a href=\"https:\/\/blog.ilgiornale.it\/ruzzo\/2012\/09\/23\/ce-un-mondiale-di-maratona-in-canoa-e-le-azzurre-sono-dargento\/\">Continua a leggere...<\/a><\/div><\/p>","protected":false},"author":956,"featured_media":0,"comment_status":"open","ping_status":"closed","sticky":false,"template":"","format":"standard","meta":[],"categories":[1],"tags":[14343,14344,14341,14340,14339,14342],"_links":{"self":[{"href":"https:\/\/blog.ilgiornale.it\/ruzzo\/wp-json\/wp\/v2\/posts\/6174"}],"collection":[{"href":"https:\/\/blog.ilgiornale.it\/ruzzo\/wp-json\/wp\/v2\/posts"}],"about":[{"href":"https:\/\/blog.ilgiornale.it\/ruzzo\/wp-json\/wp\/v2\/types\/post"}],"author":[{"embeddable":true,"href":"https:\/\/blog.ilgiornale.it\/ruzzo\/wp-json\/wp\/v2\/users\/956"}],"replies":[{"embeddable":true,"href":"https:\/\/blog.ilgiornale.it\/ruzzo\/wp-json\/wp\/v2\/comments?post=6174"}],"version-history":[{"count":4,"href":"https:\/\/blog.ilgiornale.it\/ruzzo\/wp-json\/wp\/v2\/posts\/6174\/revisions"}],"predecessor-version":[{"id":6179,"href":"https:\/\/blog.ilgiornale.it\/ruzzo\/wp-json\/wp\/v2\/posts\/6174\/revisions\/6179"}],"wp:attachment":[{"href":"https:\/\/blog.ilgiornale.it\/ruzzo\/wp-json\/wp\/v2\/media?parent=6174"}],"wp:term":[{"taxonomy":"category","embeddable":true,"href":"https:\/\/blog.ilgiornale.it\/ruzzo\/wp-json\/wp\/v2\/categories?post=6174"},{"taxonomy":"post_tag","embeddable":true,"href":"https:\/\/blog.ilgiornale.it\/ruzzo\/wp-json\/wp\/v2\/tags?post=6174"}],"curies":[{"name":"wp","href":"https:\/\/api.w.org\/{rel}","templated":true}]}}