{"id":6199,"date":"2012-09-27T16:31:32","date_gmt":"2012-09-27T15:31:32","guid":{"rendered":"https:\/\/blog.ilgiornale.it\/ruzzo\/?p=6199"},"modified":"2012-09-27T22:24:10","modified_gmt":"2012-09-27T21:24:10","slug":"il-fascino-di-berlino-raccontato-dalla-sua-maratona","status":"publish","type":"post","link":"https:\/\/blog.ilgiornale.it\/ruzzo\/2012\/09\/27\/il-fascino-di-berlino-raccontato-dalla-sua-maratona\/","title":{"rendered":"Il fascino di Berlino raccontato dalla sua maratona"},"content":{"rendered":"<p><a href=\"https:\/\/blog.ilgiornale.it\/ruzzo\/files\/2012\/09\/sdsd.jpg\"><img loading=\"lazy\" class=\"alignright size-medium wp-image-6208\" src=\"https:\/\/blog.ilgiornale.it\/ruzzo\/files\/2012\/09\/sdsd-300x224.jpg\" alt=\"\" width=\"300\" height=\"224\" \/><\/a>Tre anni fa in questi giorni preparavo la valigia per<strong> Berlino.<\/strong> Gran bella maratona, forse la pi\u00f9 bella tra quelle che ho fatto. Azzardo, pi\u00f9 bella di <strong>New York<\/strong>\u00a0anche se non fa testo perch\u00e8 ho un po&#8217; il pallino delle citt\u00e0 del Nord Europa. Per me pi\u00f9 bella perch\u00e8 <strong>Berlino<\/strong> ha un fascino tutto suo. Sar\u00e0 la storia, sar\u00e0 il miscuglio perfetto tra ci\u00f2 che c&#8217;era e che poi \u00e8 stato distrutto e ci\u00f2 che \u00e8 stato ricostruito. Sar\u00e0 che\u00a0 hai spesso la sensazione di trovarti in una frontiera d&#8217;avanguardia urbanistica dove la sperimentazione delle forme architettoniche si sposa con la razionalit\u00e0 tedesca.\u00a0E funziona. La maratona sembra quasi tenere insieme tutte\u00a0le anime di questa citt\u00e0 in perenne trasformazione. E&#8217;\u00a0 legata a luoghi\u00a0della storia, fotografie di una metropoli\u00a0riunificata ma in qualche scorcio ancora da ricomporre. E non solo al <strong>Checkpoint Charlie<\/strong>. La <strong>maratona di Berlino<\/strong> \u00e8 il fascino del suo <strong>\u2019Expo<\/strong>\u00a0 allestito in quel gioiello di aeroporto cittadino, ora centro fieristico berlinese, che\u00a0\u00a0\u00e8 il <strong>Flughafen Templehof\u00a0<\/strong>dove sembra che il tempo si sia fermato, dove entri e improvvisamnete \u00e8 come se ti trovassi nel bel mezzo di\u00a0un film sulla Seconda guerra mondiale\u00a0 quando proprio l\u00ec, su quella pista enorme oggi spazio espositivo, \u00a0atterravano e partivano gli <strong>Stukas<\/strong> o i bombardieri <strong>Junkers<\/strong> del <strong>Terzo Reich.<\/strong> Si parte dalla porta di <strong>Brandenburgo<\/strong>, si attraversano\u00a0i\u00a0quartieri\u00a0di <strong>Mitte e Tiergarten<\/strong>,\u00a0passando davanti a\u00a0 edifici e piazze, come il <strong>Reichstag<\/strong> e il <strong>Berliner Dom<\/strong>, il <strong>Castello di Charlottenburg<\/strong> e <strong>Potsdamer Platz.<\/strong>\u00a0 Insomma una citt\u00e0 che mi piace come la sua maratona. Partecipata, applaudit\u00e0 e veloce. Un fiume di gente che corre e un fiume di gente che applaude, come <strong>New York<\/strong> e forse pi\u00f9 di <strong>New York.<\/strong> Ma la <strong>maratona di Berlino<\/strong> \u00e8 anche la festa di una citt\u00e0. Si vede che c&#8217;\u00e8. Te ne accorgi camminando per strada nei giorni della vigilia, te ne accorgi dai negozi che vendono magliette,\u00a0 gadgets, spilette della maratona.\u00a0La\u00a039esima edizione della <em>Bmw Berlin Marathon <\/em>si svolger\u00e0 Domenica\u00a0. Al via 40mila persone da 74 paesi diversi e anche un bel po&#8217; di campioni che cercheranno di battere il recordo mondiale firmato lo scorso anno dal keniano Patrick Makau. E viene quasi voglia di andarci&#8230;<\/p>\n","protected":false},"excerpt":{"rendered":"<p><p>Tre anni fa in questi giorni preparavo la valigia per Berlino. Gran bella maratona, forse la pi\u00f9 bella tra quelle che ho fatto. Azzardo, pi\u00f9 bella di New York\u00a0anche se non fa testo perch\u00e8 ho un po&#8217; il pallino delle citt\u00e0 del Nord Europa. Per me pi\u00f9 bella perch\u00e8 Berlino ha un fascino tutto suo. Sar\u00e0 la storia, sar\u00e0 il miscuglio perfetto tra ci\u00f2 che c&#8217;era e che poi \u00e8 stato distrutto e ci\u00f2 che \u00e8 stato ricostruito. Sar\u00e0 che\u00a0 hai spesso la sensazione di trovarti in una frontiera d&#8217;avanguardia urbanistica dove la sperimentazione delle forme architettoniche si sposa con [&hellip;]<\/p>\n&nbsp;&nbsp;<div class=\"readmore\"><a href=\"https:\/\/blog.ilgiornale.it\/ruzzo\/2012\/09\/27\/il-fascino-di-berlino-raccontato-dalla-sua-maratona\/\">Continua a leggere...<\/a><\/div><\/p>","protected":false},"author":956,"featured_media":0,"comment_status":"open","ping_status":"closed","sticky":false,"template":"","format":"standard","meta":[],"categories":[1],"tags":[14348,14346,14347,6056],"_links":{"self":[{"href":"https:\/\/blog.ilgiornale.it\/ruzzo\/wp-json\/wp\/v2\/posts\/6199"}],"collection":[{"href":"https:\/\/blog.ilgiornale.it\/ruzzo\/wp-json\/wp\/v2\/posts"}],"about":[{"href":"https:\/\/blog.ilgiornale.it\/ruzzo\/wp-json\/wp\/v2\/types\/post"}],"author":[{"embeddable":true,"href":"https:\/\/blog.ilgiornale.it\/ruzzo\/wp-json\/wp\/v2\/users\/956"}],"replies":[{"embeddable":true,"href":"https:\/\/blog.ilgiornale.it\/ruzzo\/wp-json\/wp\/v2\/comments?post=6199"}],"version-history":[{"count":10,"href":"https:\/\/blog.ilgiornale.it\/ruzzo\/wp-json\/wp\/v2\/posts\/6199\/revisions"}],"predecessor-version":[{"id":6212,"href":"https:\/\/blog.ilgiornale.it\/ruzzo\/wp-json\/wp\/v2\/posts\/6199\/revisions\/6212"}],"wp:attachment":[{"href":"https:\/\/blog.ilgiornale.it\/ruzzo\/wp-json\/wp\/v2\/media?parent=6199"}],"wp:term":[{"taxonomy":"category","embeddable":true,"href":"https:\/\/blog.ilgiornale.it\/ruzzo\/wp-json\/wp\/v2\/categories?post=6199"},{"taxonomy":"post_tag","embeddable":true,"href":"https:\/\/blog.ilgiornale.it\/ruzzo\/wp-json\/wp\/v2\/tags?post=6199"}],"curies":[{"name":"wp","href":"https:\/\/api.w.org\/{rel}","templated":true}]}}