{"id":6356,"date":"2012-10-13T16:12:54","date_gmt":"2012-10-13T15:12:54","guid":{"rendered":"https:\/\/blog.ilgiornale.it\/ruzzo\/?p=6356"},"modified":"2012-10-13T17:11:02","modified_gmt":"2012-10-13T16:11:02","slug":"ciclismo-prima-granfondo-di-roma-al-via-in-5500","status":"publish","type":"post","link":"https:\/\/blog.ilgiornale.it\/ruzzo\/2012\/10\/13\/ciclismo-prima-granfondo-di-roma-al-via-in-5500\/","title":{"rendered":"Ciclismo, prima granfondo di Roma: al via in 5500"},"content":{"rendered":"<p><a href=\"https:\/\/blog.ilgiornale.it\/ruzzo\/files\/2012\/10\/granfondo-roma1.jpg\"><img loading=\"lazy\" class=\"alignright size-medium wp-image-6372\" src=\"https:\/\/blog.ilgiornale.it\/ruzzo\/files\/2012\/10\/granfondo-roma1-300x199.jpg\" alt=\"\" width=\"300\" height=\"199\" srcset=\"https:\/\/blog.ilgiornale.it\/ruzzo\/files\/2012\/10\/granfondo-roma1-300x199.jpg 300w, https:\/\/blog.ilgiornale.it\/ruzzo\/files\/2012\/10\/granfondo-roma1.jpg 900w\" sizes=\"(max-width: 300px) 100vw, 300px\" \/><\/a>Certo che 5500 corridori al via per la prima edizione di una gran fondo sono davvero tanti. Ma <strong>Roma<\/strong> \u00e8 <strong>Roma<\/strong> e la bici sta diventando la vera passione degli italiani tant&#8217; che lo scorso anno, per la prima volta nella storia,\u00a0se ne sono vendute\u00a0 pi\u00f9 delle auto. Cos\u00ec la Prima edizione della <strong>Granfondo Campagnolo<\/strong> parte col botto. Tante persone al via ma anche tanti\u00a0 campioni che pedalano insieme agli appassionati. Da\u00a0 <strong>Paolo Bettini<\/strong> il ct della nazionale azzurra a\u00a0\u00a0<strong>Miguel Indurain<\/strong>, da <strong>Davide Cassani<\/strong> a<strong> Michele Bartoli.<\/strong> Dal campione paralimpico\u00a0<strong>Alex Zanardi<\/strong> che dopo l\u2019esperienza alla<strong> Maratona dles Dolomites<\/strong> dello scorso anno affronter\u00e0 95 km del duro percorso\u00a0a <strong>Fabrizio Macchi<\/strong> che invece alle paralimpiadi non ci \u00e8 potuto andare per una vicenda che ha dell&#8217;assurdo, bloccato da un&#8217;accusa di doping poi rivelatasi assolutamente infondata. Non solo loro. Al via ci sar\u00e0 anche<strong> Alessandro Fabian,<\/strong> carabiniere triatleta\u00a0 che ha difeso con un&#8217;affermazione di grande prestigio i nostri colori alle ultime olimpiadi: &#8220;Mi cimenter\u00f2 sul percorso medio lungo 98km\u00a0 -spiega -in preparazione all&#8217;ultima gara della stagione 2012 che terr\u00f2 domenica prossima 21 ottobre dove garegger\u00f2 per la classifica finale di Campionato del Mondo ad Auckland&#8221;. La gara partir\u00e0 alle 9.00 dalle <strong>Terme di Caracalla<\/strong>, e saranno due i tracciati che gli atleti potranno affrontare: il percorso medio di 95 km e il lungo di 150 km.\u00a0Pedalare nelle vie di Roma non dev&#8217;essere male, quindi fortunato che sar\u00e0 al via. Gli altri si potranno consolare con la diretta Tv che sar\u00e0 seguita dalle telecamere della Rai.<\/p>\n","protected":false},"excerpt":{"rendered":"<p><p>Certo che 5500 corridori al via per la prima edizione di una gran fondo sono davvero tanti. Ma Roma \u00e8 Roma e la bici sta diventando la vera passione degli italiani tant&#8217; che lo scorso anno, per la prima volta nella storia,\u00a0se ne sono vendute\u00a0 pi\u00f9 delle auto. Cos\u00ec la Prima edizione della Granfondo Campagnolo parte col botto. Tante persone al via ma anche tanti\u00a0 campioni che pedalano insieme agli appassionati. Da\u00a0 Paolo Bettini il ct della nazionale azzurra a\u00a0\u00a0Miguel Indurain, da Davide Cassani a Michele Bartoli. Dal campione paralimpico\u00a0Alex Zanardi che dopo l\u2019esperienza alla Maratona dles Dolomites dello scorso [&hellip;]<\/p>\n&nbsp;&nbsp;<div class=\"readmore\"><a href=\"https:\/\/blog.ilgiornale.it\/ruzzo\/2012\/10\/13\/ciclismo-prima-granfondo-di-roma-al-via-in-5500\/\">Continua a leggere...<\/a><\/div><\/p>","protected":false},"author":956,"featured_media":0,"comment_status":"open","ping_status":"closed","sticky":false,"template":"","format":"standard","meta":[],"categories":[1],"tags":[14404,14403,14401,14402,14400],"_links":{"self":[{"href":"https:\/\/blog.ilgiornale.it\/ruzzo\/wp-json\/wp\/v2\/posts\/6356"}],"collection":[{"href":"https:\/\/blog.ilgiornale.it\/ruzzo\/wp-json\/wp\/v2\/posts"}],"about":[{"href":"https:\/\/blog.ilgiornale.it\/ruzzo\/wp-json\/wp\/v2\/types\/post"}],"author":[{"embeddable":true,"href":"https:\/\/blog.ilgiornale.it\/ruzzo\/wp-json\/wp\/v2\/users\/956"}],"replies":[{"embeddable":true,"href":"https:\/\/blog.ilgiornale.it\/ruzzo\/wp-json\/wp\/v2\/comments?post=6356"}],"version-history":[{"count":11,"href":"https:\/\/blog.ilgiornale.it\/ruzzo\/wp-json\/wp\/v2\/posts\/6356\/revisions"}],"predecessor-version":[{"id":6369,"href":"https:\/\/blog.ilgiornale.it\/ruzzo\/wp-json\/wp\/v2\/posts\/6356\/revisions\/6369"}],"wp:attachment":[{"href":"https:\/\/blog.ilgiornale.it\/ruzzo\/wp-json\/wp\/v2\/media?parent=6356"}],"wp:term":[{"taxonomy":"category","embeddable":true,"href":"https:\/\/blog.ilgiornale.it\/ruzzo\/wp-json\/wp\/v2\/categories?post=6356"},{"taxonomy":"post_tag","embeddable":true,"href":"https:\/\/blog.ilgiornale.it\/ruzzo\/wp-json\/wp\/v2\/tags?post=6356"}],"curies":[{"name":"wp","href":"https:\/\/api.w.org\/{rel}","templated":true}]}}