{"id":6484,"date":"2012-10-26T14:11:13","date_gmt":"2012-10-26T13:11:13","guid":{"rendered":"https:\/\/blog.ilgiornale.it\/ruzzo\/?p=6484"},"modified":"2012-10-26T19:59:25","modified_gmt":"2012-10-26T18:59:25","slug":"daniel-fontana-non-chiudo-con-lironman-tornero-alle-hawaii","status":"publish","type":"post","link":"https:\/\/blog.ilgiornale.it\/ruzzo\/2012\/10\/26\/daniel-fontana-non-chiudo-con-lironman-tornero-alle-hawaii\/","title":{"rendered":"Daniel Fontana: &#8220;Non chiudo con l&#8217;Ironman: torner\u00f2 alle Hawaii&#8221;"},"content":{"rendered":"<p><a href=\"https:\/\/blog.ilgiornale.it\/ruzzo\/files\/2012\/10\/5828304808_4183e9b3fd.jpg\"><img loading=\"lazy\" class=\"alignright size-medium wp-image-6488\" src=\"https:\/\/blog.ilgiornale.it\/ruzzo\/files\/2012\/10\/5828304808_4183e9b3fd-300x199.jpg\" alt=\"\" width=\"300\" height=\"199\" \/><\/a>Lo vedi allenarsi nella vasca della <strong>DDS di Settimo Milanese\u00a0\u00a0<\/strong>e sembra tutto come sempre. Invece no. &#8220;Daniel? E&#8217; un po&#8217; gi\u00f9&#8230;&#8221; ti conferma <strong>Luca Sacchi<\/strong> che lo allena e lo conosce bene. E&#8217; gi\u00f9 perch\u00e8 poche settimane fa a <strong>Kona<\/strong> quel ritiro a met\u00e0 miglia della frazione in bici proprio non ci voleva. <strong>Daniel \u00a0Fontana<\/strong> era andato alle<strong> Hawaii<\/strong> per dire la sua, forse non per vincere ma non \u00e8 mai detto perch\u00e8 il mondiale <strong>dell&#8217;Ironman delle Hawaii<\/strong> fa storia a se&#8217; e si \u00e8 visto anche quest&#8217;anno. &#8220;Si \u00e8 andato tutto storto- racconta- Ho avuto quasi subito problemi di stomaco e dissenteria \u00a0non \u00e8<br \/>\nstato pi\u00f9 possibile andare avanti&#8221;. Una giornata difficile, caldissima e umida complicata anche dalle polveri di un vulcano in attivit\u00e0 che ha reso l&#8217;aria irrespirabile. &#8220;Si tutto vero- conferma l&#8217;argentino &#8216;azzurro- molti non sono neppure partiti. Per quanto mi riguarda invece mi sono portato dietro un&#8217;intossicazione che avevo rimediato una decina di giorni prima gareggiando in Messico. A nuoto ho tenuto ma come ho cominciato a pedalare ho capito che non era giornata&#8221;. Cos\u00ec in un paio d&#8217;ore ti sfugge dalle dita il lavoro di una stagione, i sacrifici di un anno. Cos\u00ec in un paio d&#8217;ore ti frulla per la testa anche il pensiero che vuoi cacciare via. &#8220;Volevo chiudere con questo Ironman- confessa <strong>Fontana-<\/strong> Pensavo di fare bene qui e poi smettere. Ma viste come sono andate le cose non pu\u00f2 finire cos\u00ec. Il prossimo sar\u00e0 ancora un duro anno di lavoro e allenamenti.\u00a0 Il prossimo anno torner\u00f2 a Kona per fare l&#8217;Ironman.Promesso&#8230;&#8221;<\/p>\n","protected":false},"excerpt":{"rendered":"<p><p>Lo vedi allenarsi nella vasca della DDS di Settimo Milanese\u00a0\u00a0e sembra tutto come sempre. Invece no. &#8220;Daniel? E&#8217; un po&#8217; gi\u00f9&#8230;&#8221; ti conferma Luca Sacchi che lo allena e lo conosce bene. E&#8217; gi\u00f9 perch\u00e8 poche settimane fa a Kona quel ritiro a met\u00e0 miglia della frazione in bici proprio non ci voleva. Daniel \u00a0Fontana era andato alle Hawaii per dire la sua, forse non per vincere ma non \u00e8 mai detto perch\u00e8 il mondiale dell&#8217;Ironman delle Hawaii fa storia a se&#8217; e si \u00e8 visto anche quest&#8217;anno. &#8220;Si \u00e8 andato tutto storto- racconta- Ho avuto quasi subito problemi di [&hellip;]<\/p>\n&nbsp;&nbsp;<div class=\"readmore\"><a href=\"https:\/\/blog.ilgiornale.it\/ruzzo\/2012\/10\/26\/daniel-fontana-non-chiudo-con-lironman-tornero-alle-hawaii\/\">Continua a leggere...<\/a><\/div><\/p>","protected":false},"author":956,"featured_media":0,"comment_status":"open","ping_status":"closed","sticky":false,"template":"","format":"standard","meta":[],"categories":[1],"tags":[8666,14445,14446,14444,14442,14443,14397],"_links":{"self":[{"href":"https:\/\/blog.ilgiornale.it\/ruzzo\/wp-json\/wp\/v2\/posts\/6484"}],"collection":[{"href":"https:\/\/blog.ilgiornale.it\/ruzzo\/wp-json\/wp\/v2\/posts"}],"about":[{"href":"https:\/\/blog.ilgiornale.it\/ruzzo\/wp-json\/wp\/v2\/types\/post"}],"author":[{"embeddable":true,"href":"https:\/\/blog.ilgiornale.it\/ruzzo\/wp-json\/wp\/v2\/users\/956"}],"replies":[{"embeddable":true,"href":"https:\/\/blog.ilgiornale.it\/ruzzo\/wp-json\/wp\/v2\/comments?post=6484"}],"version-history":[{"count":8,"href":"https:\/\/blog.ilgiornale.it\/ruzzo\/wp-json\/wp\/v2\/posts\/6484\/revisions"}],"predecessor-version":[{"id":6494,"href":"https:\/\/blog.ilgiornale.it\/ruzzo\/wp-json\/wp\/v2\/posts\/6484\/revisions\/6494"}],"wp:attachment":[{"href":"https:\/\/blog.ilgiornale.it\/ruzzo\/wp-json\/wp\/v2\/media?parent=6484"}],"wp:term":[{"taxonomy":"category","embeddable":true,"href":"https:\/\/blog.ilgiornale.it\/ruzzo\/wp-json\/wp\/v2\/categories?post=6484"},{"taxonomy":"post_tag","embeddable":true,"href":"https:\/\/blog.ilgiornale.it\/ruzzo\/wp-json\/wp\/v2\/tags?post=6484"}],"curies":[{"name":"wp","href":"https:\/\/api.w.org\/{rel}","templated":true}]}}