{"id":6495,"date":"2012-10-27T10:17:56","date_gmt":"2012-10-27T09:17:56","guid":{"rendered":"https:\/\/blog.ilgiornale.it\/ruzzo\/?p=6495"},"modified":"2012-10-27T10:17:56","modified_gmt":"2012-10-27T09:17:56","slug":"venezia-running-in-the-rain","status":"publish","type":"post","link":"https:\/\/blog.ilgiornale.it\/ruzzo\/2012\/10\/27\/venezia-running-in-the-rain\/","title":{"rendered":"Venezia, running in the rain&#8230;"},"content":{"rendered":"<p>Rovato, Brescia, Verona&#8230;l&#8217;acqua disegna delle striscioline sottili che si allungano e poi schizzano via sul finestrino del Frecciabianca. Che freccia un po&#8217;lo e&#8217; perch\u00e9 fila ma bianco proprio per niente ingrigito da quel suo continuo avanti e indietro tra le nebbie padane che incontra da Milano a Venezia. Oggi ha anche il musone bagnato. Entra piano piano sotto la tettoia della Centrale e ti accorgi subito che aria tira la&#8217; fuori&#8230;E poi lo leggi sui finestrini. Grigio, nuvole, grigio e ancora nuvole. E&#8217; sotto un diluvio universale anche il coccodrillone di Gardaland che indica da dove parte la navetta per il paradiso dei bimbi alla stazione di Peschiera. Ride perch\u00e9 non pu\u00f2 far altro. Ride, beato lui. Chi domani correr\u00e0 a Venezia invece non so quanto sia felice di quest&#8217;anteprima d&#8217;inverno. Oggi e domani pioggia e freddo, lunedi&#8217; meglio, marted\u00ec torna il bello. Poteva aspettare ancora un po&#8217; &#8230; Cos\u00ec continua a piovere a Verona, alla stazione di Venezia, al Lido, al Parco di San Giuliano, a Mestre. E quasi certamente piover\u00e0 domattina a Stra&#8217;. Insomma non c&#8217;\u00e8 speranza. E mentre la pioggia sorprende anche un paio di ragazzi austriaci che salgono in carrozza piu&#8217; zuppi che mai tu fai un rapido inventario di cosa hai messo nello zaino per correre domani. Tanto non basta. Non hanno inventato ancora nulla che quando piove possa mantenerti asciutto per 42 chilometri. Non c&#8217;\u00e8 maglia tecnica che tenga, non ci sono guanti, non c&#8217;\u00e8 cappellino, non c&#8217;\u00e8 k-way. Servirebbe un ombrello, ma non l&#8217;ho portato.<\/p>\n","protected":false},"excerpt":{"rendered":"<p><p>Rovato, Brescia, Verona&#8230;l&#8217;acqua disegna delle striscioline sottili che si allungano e poi schizzano via sul finestrino del Frecciabianca. Che freccia un po&#8217;lo e&#8217; perch\u00e9 fila ma bianco proprio per niente ingrigito da quel suo continuo avanti e indietro tra le nebbie padane che incontra da Milano a Venezia. Oggi ha anche il musone bagnato. Entra piano piano sotto la tettoia della Centrale e ti accorgi subito che aria tira la&#8217; fuori&#8230;E poi lo leggi sui finestrini. Grigio, nuvole, grigio e ancora nuvole. E&#8217; sotto un diluvio universale anche il coccodrillone di Gardaland che indica da dove parte la navetta per [&hellip;]<\/p>\n&nbsp;&nbsp;<div class=\"readmore\"><a href=\"https:\/\/blog.ilgiornale.it\/ruzzo\/2012\/10\/27\/venezia-running-in-the-rain\/\">Continua a leggere...<\/a><\/div><\/p>","protected":false},"author":956,"featured_media":0,"comment_status":"open","ping_status":"closed","sticky":false,"template":"","format":"standard","meta":[],"categories":[1],"tags":[],"_links":{"self":[{"href":"https:\/\/blog.ilgiornale.it\/ruzzo\/wp-json\/wp\/v2\/posts\/6495"}],"collection":[{"href":"https:\/\/blog.ilgiornale.it\/ruzzo\/wp-json\/wp\/v2\/posts"}],"about":[{"href":"https:\/\/blog.ilgiornale.it\/ruzzo\/wp-json\/wp\/v2\/types\/post"}],"author":[{"embeddable":true,"href":"https:\/\/blog.ilgiornale.it\/ruzzo\/wp-json\/wp\/v2\/users\/956"}],"replies":[{"embeddable":true,"href":"https:\/\/blog.ilgiornale.it\/ruzzo\/wp-json\/wp\/v2\/comments?post=6495"}],"version-history":[{"count":9,"href":"https:\/\/blog.ilgiornale.it\/ruzzo\/wp-json\/wp\/v2\/posts\/6495\/revisions"}],"predecessor-version":[{"id":6504,"href":"https:\/\/blog.ilgiornale.it\/ruzzo\/wp-json\/wp\/v2\/posts\/6495\/revisions\/6504"}],"wp:attachment":[{"href":"https:\/\/blog.ilgiornale.it\/ruzzo\/wp-json\/wp\/v2\/media?parent=6495"}],"wp:term":[{"taxonomy":"category","embeddable":true,"href":"https:\/\/blog.ilgiornale.it\/ruzzo\/wp-json\/wp\/v2\/categories?post=6495"},{"taxonomy":"post_tag","embeddable":true,"href":"https:\/\/blog.ilgiornale.it\/ruzzo\/wp-json\/wp\/v2\/tags?post=6495"}],"curies":[{"name":"wp","href":"https:\/\/api.w.org\/{rel}","templated":true}]}}