{"id":6506,"date":"2012-10-27T20:59:31","date_gmt":"2012-10-27T19:59:31","guid":{"rendered":"https:\/\/blog.ilgiornale.it\/ruzzo\/?p=6506"},"modified":"2012-10-27T21:03:58","modified_gmt":"2012-10-27T20:03:58","slug":"i-keniani-allassalto-di-venezia","status":"publish","type":"post","link":"https:\/\/blog.ilgiornale.it\/ruzzo\/2012\/10\/27\/i-keniani-allassalto-di-venezia\/","title":{"rendered":"I keniani all&#8217;assalto di Venezia"},"content":{"rendered":"<p>Maratona di Venezia, si parte. Oggi sui vaporetti di Venezia era tutto un viavai di sacche verdi. Un viavai di tute, giacche impermeabili e scarpe da running. Si capisce al volo chi e&#8217; qui per la maratona, basta guardarlo ai piedi. Ci si squadra un po&#8217; tutti. E tutti scrutano il cielo e tutti guardano i ponti. Che un conto e&#8217; quando te li raccontano, un conto e&#8217; guardarli in foto, un altro passarci sopra il giorno prima della gara. Sono pi\u00f9 alti e ripidi di quello che sembrano. E sembrano di pi\u00f9 di quelli che sono. Comunque sia quattordici son tanti. &#8221; E domani  e&#8217; prevista acqua alta&#8230;&#8221; ci avvisa il titolare dell&#8217;hotel Belvedere al Lido. Poco male. I veneziani girano con gli stivali di gomma e non sembrano fare una piega, la maratona invece girera&#8217; un po&#8217; pi\u00f9 al largo da piazza San Marco con un percorso bis ovviamente omologato. Ma non sembra una preoccupazione. Cos\u00ec cammini in lungo e in largo per l&#8217;expo della gara e tra Stefano Baldini che fa il testimonial Asics e Gianni Poli che presenta Cortina-Dobbiaco e Sarnico-Lovere ti accorgi che l&#8217;unica cosa che preoccupa gli ottomila e&#8217; si&#8217; l&#8217;acqua ma quella che potrebbe arrivare dal cielo. Dettagli per chi correr\u00e0 per vincere. E quella di domani sar\u00e0 una 27\u00b0 Venicemarathon pi\u00f9 aperta ed avvincente che mai con gli atleti africani che si contenderanno ancora una volta la vittoria finale sia in campo maschile che femminile. Tra gli uomini, dove \u00e8 stato richiesto un passaggio a met\u00e0 gara di 64\u201930\u201d per i primi, il favorito della vigilia \u00e8 l\u2019etiope Tadese Tolesa Aredo, vincitore lo scorso anno in 2h09\u201913\u201d e 4\u00b0 quest\u2019anno alla Maratona di Roma. A contendergli la vittoria saranno un gruppo di keniani: il veterano Patrick Ivuti, gi\u00e0 vincitore alla Maratona di Chicago 2005 con un ottimo 2h07\u201946\u201d, ed i connazionali Stephen Kipkoech Kiwibot e Titus Masai, quest\u2019ultimo all\u2019esordio sulla distanza dei 42 km ma con grandi aspettative: \u201ccerco un tempo attorno alle 2h07\u2019\u201d ha dichiarato ai giornalisti. L\u2019Italia sar\u00e0 rappresentata dal barlettano Domenico Ricatti, che cercher\u00e0 di migliorare il suo record personale di 2h16\u201931\u201d ottenuto lo scorso anno a Berlino: \u201cSono emotivamente legato a questa maratona leggendaria \u2013 ha dichiarato l\u2019atleta dell\u2019Aeronautica \u2013 perch\u00e9 nel 1995, quando ero solo un bambino, vidi i miei amici Goffi e Leone arrivare primo e secondo. Per questo \u00e8 un\u2019emozione provare a ripercorrere le loro strade\u201d. Tra le donne, la 27esima Venicemarathon potrebbe parlare etiope, con Fantu Eticha Jimma, gi\u00e0 terza lo scorso anno con 2h30\u201925\u201d, che dovr\u00e0 guardarsi dagli attacchi delle connazionali Halima Hassen Beriso, terza quest\u2019anno alla Maratona di Hannover con 2h30\u201926\u201d, ed Emebt Etea Bedada che quest\u2019anno ai Mondiali di Mezza Maratona di Kavarna \u00e8 giunta 5\u00aa nella gara individuale con il tempo di 1h10\u201901\u201d ed ha vinto la gara a squadre. Tra le azzurre, occhi puntati su Martina Celi, campionessa italiana 2011, che torna a Venezia dopo il 9\u00b0 posto del 2010. Quest\u2019anno la Venicemarathon andr\u00e0 in onda su La7, con una trasmissione che durer\u00e0 ben tre ore e mezza: dalle 10 alle 13.30. La partenza della gara \u00e8 prevista per le ore 9:20 sia per gli uomini che per le donne, mentre la gara di handbike partir\u00e0 alcuni minuti prima, con in gara anche Alex Zanardi. Dopo l&#8217;impresa dello scorso anno che vide l&#8217;ex pilota trainare con la sua handbike, lungo i 42 km di gara, l&#8217;amico Francesco Canali affetto da SLA, quest&#8217;anno il bi-campione paralimpico correr\u00e0 con Eric e Fabio, i primi rappresentanti del progetto Bimbingamba Sport. <\/p>\n","protected":false},"excerpt":{"rendered":"<p><p>Maratona di Venezia, si parte. Oggi sui vaporetti di Venezia era tutto un viavai di sacche verdi. Un viavai di tute, giacche impermeabili e scarpe da running. Si capisce al volo chi e&#8217; qui per la maratona, basta guardarlo ai piedi. Ci si squadra un po&#8217; tutti. E tutti scrutano il cielo e tutti guardano i ponti. Che un conto e&#8217; quando te li raccontano, un conto e&#8217; guardarli in foto, un altro passarci sopra il giorno prima della gara. Sono pi\u00f9 alti e ripidi di quello che sembrano. E sembrano di pi\u00f9 di quelli che sono. Comunque sia quattordici [&hellip;]<\/p>\n&nbsp;&nbsp;<div class=\"readmore\"><a href=\"https:\/\/blog.ilgiornale.it\/ruzzo\/2012\/10\/27\/i-keniani-allassalto-di-venezia\/\">Continua a leggere...<\/a><\/div><\/p>","protected":false},"author":956,"featured_media":0,"comment_status":"open","ping_status":"closed","sticky":false,"template":"","format":"standard","meta":[],"categories":[1],"tags":[],"_links":{"self":[{"href":"https:\/\/blog.ilgiornale.it\/ruzzo\/wp-json\/wp\/v2\/posts\/6506"}],"collection":[{"href":"https:\/\/blog.ilgiornale.it\/ruzzo\/wp-json\/wp\/v2\/posts"}],"about":[{"href":"https:\/\/blog.ilgiornale.it\/ruzzo\/wp-json\/wp\/v2\/types\/post"}],"author":[{"embeddable":true,"href":"https:\/\/blog.ilgiornale.it\/ruzzo\/wp-json\/wp\/v2\/users\/956"}],"replies":[{"embeddable":true,"href":"https:\/\/blog.ilgiornale.it\/ruzzo\/wp-json\/wp\/v2\/comments?post=6506"}],"version-history":[{"count":8,"href":"https:\/\/blog.ilgiornale.it\/ruzzo\/wp-json\/wp\/v2\/posts\/6506\/revisions"}],"predecessor-version":[{"id":6514,"href":"https:\/\/blog.ilgiornale.it\/ruzzo\/wp-json\/wp\/v2\/posts\/6506\/revisions\/6514"}],"wp:attachment":[{"href":"https:\/\/blog.ilgiornale.it\/ruzzo\/wp-json\/wp\/v2\/media?parent=6506"}],"wp:term":[{"taxonomy":"category","embeddable":true,"href":"https:\/\/blog.ilgiornale.it\/ruzzo\/wp-json\/wp\/v2\/categories?post=6506"},{"taxonomy":"post_tag","embeddable":true,"href":"https:\/\/blog.ilgiornale.it\/ruzzo\/wp-json\/wp\/v2\/tags?post=6506"}],"curies":[{"name":"wp","href":"https:\/\/api.w.org\/{rel}","templated":true}]}}