{"id":6631,"date":"2012-11-04T19:26:36","date_gmt":"2012-11-04T18:26:36","guid":{"rendered":"https:\/\/blog.ilgiornale.it\/ruzzo\/?p=6631"},"modified":"2012-11-04T19:42:08","modified_gmt":"2012-11-04T18:42:08","slug":"ce-chi-corre-lo-stesso-a-new-york-e-chi-va-in-costa-azzurra","status":"publish","type":"post","link":"https:\/\/blog.ilgiornale.it\/ruzzo\/2012\/11\/04\/ce-chi-corre-lo-stesso-a-new-york-e-chi-va-in-costa-azzurra\/","title":{"rendered":"C&#8217;\u00e8 chi corre lo stesso a New York e chi va in Costa azzurra"},"content":{"rendered":"<div>\n<p><a href=\"https:\/\/blog.ilgiornale.it\/ruzzo\/files\/2012\/11\/15.jpg\"><img loading=\"lazy\" class=\"alignleft size-medium wp-image-6633\" src=\"https:\/\/blog.ilgiornale.it\/ruzzo\/files\/2012\/11\/15-300x198.jpg\" alt=\"\" width=\"300\" height=\"198\" \/><\/a>La maratona di New York non c&#8217;\u00e8 stata.\u00a0Ma leggo sulle agenzie di stampa che nonostante l&#8217;annullamento in moltissimi\u00a0hanno corso lo stesso. Chi a\u00a0 Central Park, chi\u00a0nelle vie della citt\u00e0, chi con il pettorale, chi per sostenere\u00a0 la buona causa per cui era andato l\u00e0, chi per dare un senso al suo viaggio. Molti runner hanno invece deciso di andare a dare una mano ai soccorsi consegnando vestiti e coperte nelle zone pi\u00f9 colpite da Sandy.\u00a0 Giusto cos\u00ec, ognuno fa ci\u00f2 che si sente. Ma New York, sportivamente parlando, ora va in archivio. E chi si era preparato per correre si guarda intorno. E cos\u00ec pensa alla maratona di Torino ( che per i reduci della Nycm ha gi\u00e0 bloccato i prezzi) a Firenze o a Pisa, tanto per restare in Italia. Ma c&#8217;\u00e8 chi gi\u00e0 oggi \u00e8 riucito, rientrando dagli States alla velocit\u00e0 della luce, a correre ugualmente una maratona.\u00a0Qualcuno ( un centinaio dicono gli organizzatori) era infatti al via stamattina della Maratona delle Alpi Marittime che,\u00a0 dopo la scomparsa della Maratona di Monaco (trasformatasi nella Ventimiglia \u2013 Monaco e articolata sulla pi\u00f9 abbordabile distanza di 24, 5 km)\u00a0 resta l\u2019unica 42 km della costa azzurra. Quinta edizione quella di quest&#8217;anno. Organizzata da Azur Sport Organisation la gara \u00e8 partita dalla Promenade des Anglais a Nizza e si \u00e8 conclusa a Boulevard de la Croisette a Cannes, percorrendo tutta la litoranea che porta a ad attreversare la Costa Azzurra, da Saint Laurent-du-Var a Cagnes-su-mer, Villeneuve-Loubet, Antibes Juan-les-pins, e Vallauris Golfe-Juan. Al via erano in Erano in 10.300\u00a0 e il primo a tagliare il traguardo \u00e8 stato il keniano Magut Eliud (con un tempo di 2 ore e 10 minuti). Ad attenderlo sul lungomare di Cannes- c\u2019era un lungo tappeto rosso simbolo della Croisette.<\/p>\n<\/div>\n","protected":false},"excerpt":{"rendered":"<p><p>La maratona di New York non c&#8217;\u00e8 stata.\u00a0Ma leggo sulle agenzie di stampa che nonostante l&#8217;annullamento in moltissimi\u00a0hanno corso lo stesso. Chi a\u00a0 Central Park, chi\u00a0nelle vie della citt\u00e0, chi con il pettorale, chi per sostenere\u00a0 la buona causa per cui era andato l\u00e0, chi per dare un senso al suo viaggio. Molti runner hanno invece deciso di andare a dare una mano ai soccorsi consegnando vestiti e coperte nelle zone pi\u00f9 colpite da Sandy.\u00a0 Giusto cos\u00ec, ognuno fa ci\u00f2 che si sente. Ma New York, sportivamente parlando, ora va in archivio. E chi si era preparato per correre si [&hellip;]<\/p>\n&nbsp;&nbsp;<div class=\"readmore\"><a href=\"https:\/\/blog.ilgiornale.it\/ruzzo\/2012\/11\/04\/ce-chi-corre-lo-stesso-a-new-york-e-chi-va-in-costa-azzurra\/\">Continua a leggere...<\/a><\/div><\/p>","protected":false},"author":956,"featured_media":0,"comment_status":"open","ping_status":"closed","sticky":false,"template":"","format":"standard","meta":[],"categories":[1],"tags":[16290,16291,16292,6076,16293,16289],"_links":{"self":[{"href":"https:\/\/blog.ilgiornale.it\/ruzzo\/wp-json\/wp\/v2\/posts\/6631"}],"collection":[{"href":"https:\/\/blog.ilgiornale.it\/ruzzo\/wp-json\/wp\/v2\/posts"}],"about":[{"href":"https:\/\/blog.ilgiornale.it\/ruzzo\/wp-json\/wp\/v2\/types\/post"}],"author":[{"embeddable":true,"href":"https:\/\/blog.ilgiornale.it\/ruzzo\/wp-json\/wp\/v2\/users\/956"}],"replies":[{"embeddable":true,"href":"https:\/\/blog.ilgiornale.it\/ruzzo\/wp-json\/wp\/v2\/comments?post=6631"}],"version-history":[{"count":3,"href":"https:\/\/blog.ilgiornale.it\/ruzzo\/wp-json\/wp\/v2\/posts\/6631\/revisions"}],"predecessor-version":[{"id":6634,"href":"https:\/\/blog.ilgiornale.it\/ruzzo\/wp-json\/wp\/v2\/posts\/6631\/revisions\/6634"}],"wp:attachment":[{"href":"https:\/\/blog.ilgiornale.it\/ruzzo\/wp-json\/wp\/v2\/media?parent=6631"}],"wp:term":[{"taxonomy":"category","embeddable":true,"href":"https:\/\/blog.ilgiornale.it\/ruzzo\/wp-json\/wp\/v2\/categories?post=6631"},{"taxonomy":"post_tag","embeddable":true,"href":"https:\/\/blog.ilgiornale.it\/ruzzo\/wp-json\/wp\/v2\/tags?post=6631"}],"curies":[{"name":"wp","href":"https:\/\/api.w.org\/{rel}","templated":true}]}}