{"id":6636,"date":"2012-11-05T19:30:55","date_gmt":"2012-11-05T18:30:55","guid":{"rendered":"https:\/\/blog.ilgiornale.it\/ruzzo\/?p=6636"},"modified":"2012-11-05T21:03:32","modified_gmt":"2012-11-05T20:03:32","slug":"maratona-di-new-york-ora-ce-chi-chiede-i-danni","status":"publish","type":"post","link":"https:\/\/blog.ilgiornale.it\/ruzzo\/2012\/11\/05\/maratona-di-new-york-ora-ce-chi-chiede-i-danni\/","title":{"rendered":"Maratona di New York: ora c&#8217;\u00e8 chi chiede i danni"},"content":{"rendered":"<p>New York conta ancora i danni di Sandy e gli organizzatori della Nycm si preparano a contare quelli che\u00a0 arriveranno dalla cancellazione della maratona. Un gran pasticcio che si doveva evitare di mettere in piedi prendendo subito una decisione ovvia. Come mi hanno detto\u00a0molti degli italiani che sono andati fin l\u00e0 si\u00a0capiva subito che non si doveva correre anche se \u00e8 ovvio che a posteriori siamo tutti bravi a non sbagliare. Resta la beffa per ch\u00ec \u00e8 andato dall&#8217;altra parte dell&#8217;Oceano e si \u00e8 dovuto accontentare di una corsetta a Central Park ma ora per Mary Wittemberg la situazione si potrebbe complicare. Gli organizzatori infatti devono onorare gli accordi con i top runner, gli sponsor e i media.Alcuni atleti hanno fatto un grande sforzo per recarsi a New York e desiderano essere rimborsati poich\u00e8 non sanno se ci saranno le condizioni personali, di forma \u00a0o lavorative per partecipare alla prossima edizione nel 2013. Ma l\u2019organizzatore ha spiegato che non sono previsti rimborsi in conseguenza di cause naturali. \u00a0I responsabili della maratona dovranno ora definire i vari passi da fare per compensare le perdite delle tv ESPN e WABC che possiedono i diritti di trasmissione della maratona per cinque anni. Allo stesso modo devono negoziare con altri sponsor come Asics, Nissan, Timex, la linea aerea United Airlines ed il gruppo olandese ING, al decimo anno come \u00absponsor\u00bb ufficiale. Anche la citt\u00e0 ha accusato il colpo. \u00ab\u00c8 stata una decisione difficile, ma la decisione corretta\u00bb, ha detto il vicesindaco Howard Wolfson. \u00abLa maratona genera introiti per 340 milioni\u00a0di dollari, in parte grazie a pi\u00f9 di 20.000 corridori stranieri che utilizzano i nostri hotel, ristoranti, teatri e negozi\u00bb. Wolfson ha poi precisato che la prova \u00ab\u00e8 un enorme generatore economico per la citt\u00e0\u00bb. Che in parte c&#8217;\u00e8 stato e in parte no. E ora c&#8217;\u00e8 anche chi chiede i danni.<\/p>\n","protected":false},"excerpt":{"rendered":"<p><p>New York conta ancora i danni di Sandy e gli organizzatori della Nycm si preparano a contare quelli che\u00a0 arriveranno dalla cancellazione della maratona. Un gran pasticcio che si doveva evitare di mettere in piedi prendendo subito una decisione ovvia. Come mi hanno detto\u00a0molti degli italiani che sono andati fin l\u00e0 si\u00a0capiva subito che non si doveva correre anche se \u00e8 ovvio che a posteriori siamo tutti bravi a non sbagliare. Resta la beffa per ch\u00ec \u00e8 andato dall&#8217;altra parte dell&#8217;Oceano e si \u00e8 dovuto accontentare di una corsetta a Central Park ma ora per Mary Wittemberg la situazione si [&hellip;]<\/p>\n&nbsp;&nbsp;<div class=\"readmore\"><a href=\"https:\/\/blog.ilgiornale.it\/ruzzo\/2012\/11\/05\/maratona-di-new-york-ora-ce-chi-chiede-i-danni\/\">Continua a leggere...<\/a><\/div><\/p>","protected":false},"author":956,"featured_media":0,"comment_status":"open","ping_status":"closed","sticky":false,"template":"","format":"standard","meta":[],"categories":[1],"tags":[],"_links":{"self":[{"href":"https:\/\/blog.ilgiornale.it\/ruzzo\/wp-json\/wp\/v2\/posts\/6636"}],"collection":[{"href":"https:\/\/blog.ilgiornale.it\/ruzzo\/wp-json\/wp\/v2\/posts"}],"about":[{"href":"https:\/\/blog.ilgiornale.it\/ruzzo\/wp-json\/wp\/v2\/types\/post"}],"author":[{"embeddable":true,"href":"https:\/\/blog.ilgiornale.it\/ruzzo\/wp-json\/wp\/v2\/users\/956"}],"replies":[{"embeddable":true,"href":"https:\/\/blog.ilgiornale.it\/ruzzo\/wp-json\/wp\/v2\/comments?post=6636"}],"version-history":[{"count":3,"href":"https:\/\/blog.ilgiornale.it\/ruzzo\/wp-json\/wp\/v2\/posts\/6636\/revisions"}],"predecessor-version":[{"id":6639,"href":"https:\/\/blog.ilgiornale.it\/ruzzo\/wp-json\/wp\/v2\/posts\/6636\/revisions\/6639"}],"wp:attachment":[{"href":"https:\/\/blog.ilgiornale.it\/ruzzo\/wp-json\/wp\/v2\/media?parent=6636"}],"wp:term":[{"taxonomy":"category","embeddable":true,"href":"https:\/\/blog.ilgiornale.it\/ruzzo\/wp-json\/wp\/v2\/categories?post=6636"},{"taxonomy":"post_tag","embeddable":true,"href":"https:\/\/blog.ilgiornale.it\/ruzzo\/wp-json\/wp\/v2\/tags?post=6636"}],"curies":[{"name":"wp","href":"https:\/\/api.w.org\/{rel}","templated":true}]}}