{"id":6682,"date":"2012-11-11T20:22:10","date_gmt":"2012-11-11T19:22:10","guid":{"rendered":"https:\/\/blog.ilgiornale.it\/ruzzo\/?p=6682"},"modified":"2012-11-12T20:19:52","modified_gmt":"2012-11-12T19:19:52","slug":"il-ventello","status":"publish","type":"post","link":"https:\/\/blog.ilgiornale.it\/ruzzo\/2012\/11\/11\/il-ventello\/","title":{"rendered":"Il &#8220;ventello&#8221;"},"content":{"rendered":"<p>Il ventello non \u00e8 un&#8217;unit\u00e0 di misura. Ci si avvicina ma \u00e8 tutta un&#8217;altra cosa. E&#8217; una filosofia di corsa, un bel po&#8217; di chilometri, diciamo una ventina, che si corrono a spanne. Un paio d&#8217;ore\u00a0 pi\u00f9 o meno forte, pi\u00f9 o meno a 5, 5.30 senza orologi, gps, cardio e &#8220;bim-bum-bam&#8221;. Ad annunciare il ventello \u00e8 solitamente un giro di telefonate. &#8220;Domani ci sono gare in giro? E se facessimo un ventello&#8230;&#8221;. Uno chiama uno, l&#8217;altro chiama l&#8217;altro e l&#8217;altro ancora. Non c&#8217;e&#8217; sanzione per chi la mattina dopo non si presenta: vale la regola del chi c&#8217;e&#8217;&#8230;c&#8217;\u00e8. Cos\u00ec si parte presto e preferibilmente sotto la pioggia battente come stamattina. Quanto si fa, dove si va, a chi ritmo si corre nessuno lo sa. Si decide strada facendo guardandosi in faccia, assecondando le gambe: chi va piu&#8217; forte rallenta e aspetta, chi soffre stringe i denti e tiene il passo. Dieci, quindici, venti chilometri, ventuno o diciotto. Nel &#8220;ventello&#8221; ci sta dentro tutto. La deviazione che non pensavi, il fango che non credevi, lo sguardo un po&#8217; smarrito di chi nei boschi del Parco Sud ha perso l&#8217;orizzonte. La fine e&#8217; una fetta di panettone, un pezzo di pan treccia e un caffe&#8217; caldo sulla stufa a legna<\/p>\n","protected":false},"excerpt":{"rendered":"<p><p>Il ventello non \u00e8 un&#8217;unit\u00e0 di misura. Ci si avvicina ma \u00e8 tutta un&#8217;altra cosa. E&#8217; una filosofia di corsa, un bel po&#8217; di chilometri, diciamo una ventina, che si corrono a spanne. Un paio d&#8217;ore\u00a0 pi\u00f9 o meno forte, pi\u00f9 o meno a 5, 5.30 senza orologi, gps, cardio e &#8220;bim-bum-bam&#8221;. Ad annunciare il ventello \u00e8 solitamente un giro di telefonate. &#8220;Domani ci sono gare in giro? E se facessimo un ventello&#8230;&#8221;. Uno chiama uno, l&#8217;altro chiama l&#8217;altro e l&#8217;altro ancora. Non c&#8217;e&#8217; sanzione per chi la mattina dopo non si presenta: vale la regola del chi c&#8217;e&#8217;&#8230;c&#8217;\u00e8. Cos\u00ec [&hellip;]<\/p>\n&nbsp;&nbsp;<div class=\"readmore\"><a href=\"https:\/\/blog.ilgiornale.it\/ruzzo\/2012\/11\/11\/il-ventello\/\">Continua a leggere...<\/a><\/div><\/p>","protected":false},"author":956,"featured_media":0,"comment_status":"open","ping_status":"closed","sticky":false,"template":"","format":"standard","meta":[],"categories":[1],"tags":[],"_links":{"self":[{"href":"https:\/\/blog.ilgiornale.it\/ruzzo\/wp-json\/wp\/v2\/posts\/6682"}],"collection":[{"href":"https:\/\/blog.ilgiornale.it\/ruzzo\/wp-json\/wp\/v2\/posts"}],"about":[{"href":"https:\/\/blog.ilgiornale.it\/ruzzo\/wp-json\/wp\/v2\/types\/post"}],"author":[{"embeddable":true,"href":"https:\/\/blog.ilgiornale.it\/ruzzo\/wp-json\/wp\/v2\/users\/956"}],"replies":[{"embeddable":true,"href":"https:\/\/blog.ilgiornale.it\/ruzzo\/wp-json\/wp\/v2\/comments?post=6682"}],"version-history":[{"count":7,"href":"https:\/\/blog.ilgiornale.it\/ruzzo\/wp-json\/wp\/v2\/posts\/6682\/revisions"}],"predecessor-version":[{"id":6698,"href":"https:\/\/blog.ilgiornale.it\/ruzzo\/wp-json\/wp\/v2\/posts\/6682\/revisions\/6698"}],"wp:attachment":[{"href":"https:\/\/blog.ilgiornale.it\/ruzzo\/wp-json\/wp\/v2\/media?parent=6682"}],"wp:term":[{"taxonomy":"category","embeddable":true,"href":"https:\/\/blog.ilgiornale.it\/ruzzo\/wp-json\/wp\/v2\/categories?post=6682"},{"taxonomy":"post_tag","embeddable":true,"href":"https:\/\/blog.ilgiornale.it\/ruzzo\/wp-json\/wp\/v2\/tags?post=6682"}],"curies":[{"name":"wp","href":"https:\/\/api.w.org\/{rel}","templated":true}]}}