{"id":8059,"date":"2013-04-05T20:27:38","date_gmt":"2013-04-05T18:27:38","guid":{"rendered":"https:\/\/blog.ilgiornale.it\/ruzzo\/?p=8059"},"modified":"2013-04-05T20:30:02","modified_gmt":"2013-04-05T18:30:02","slug":"facce-da-maratona","status":"publish","type":"post","link":"https:\/\/blog.ilgiornale.it\/ruzzo\/2013\/04\/05\/facce-da-maratona\/","title":{"rendered":"Facce da maratona&#8230;"},"content":{"rendered":"<p><a href=\"https:\/\/blog.ilgiornale.it\/ruzzo\/files\/2013\/04\/molmenti.jpg\"><img loading=\"lazy\" class=\"alignleft size-thumbnail wp-image-8075\" src=\"https:\/\/blog.ilgiornale.it\/ruzzo\/files\/2013\/04\/molmenti-150x150.jpg\" alt=\"\" width=\"120\" height=\"120\" \/><\/a><a href=\"https:\/\/blog.ilgiornale.it\/ruzzo\/files\/2013\/04\/dee.jpg\"><img loading=\"lazy\" class=\"alignleft size-thumbnail wp-image-8067\" src=\"https:\/\/blog.ilgiornale.it\/ruzzo\/files\/2013\/04\/dee-150x150.jpg\" alt=\"\" width=\"120\" height=\"120\" \/><\/a><a href=\"https:\/\/blog.ilgiornale.it\/ruzzo\/files\/2013\/04\/storti.jpg\"><img loading=\"lazy\" class=\"alignleft size-thumbnail wp-image-8069\" src=\"https:\/\/blog.ilgiornale.it\/ruzzo\/files\/2013\/04\/storti-150x150.jpg\" alt=\"\" width=\"120\" height=\"120\" \/><\/a><a href=\"https:\/\/blog.ilgiornale.it\/ruzzo\/files\/2013\/04\/Baldini-300x282.jpg\"><img loading=\"lazy\" class=\"alignleft size-thumbnail wp-image-8070\" src=\"https:\/\/blog.ilgiornale.it\/ruzzo\/files\/2013\/04\/Baldini-300x282-150x150.jpg\" alt=\"\" width=\"120\" height=\"120\" \/><\/a><a href=\"https:\/\/blog.ilgiornale.it\/ruzzo\/files\/2013\/04\/rossi-canoa.jpg\"><img loading=\"lazy\" class=\"alignleft size-thumbnail wp-image-8071\" src=\"https:\/\/blog.ilgiornale.it\/ruzzo\/files\/2013\/04\/rossi-canoa-150x150.jpg\" alt=\"\" width=\"120\" height=\"120\" \/><\/a><a href=\"https:\/\/blog.ilgiornale.it\/ruzzo\/files\/2013\/04\/fabian.jpg\"><img loading=\"lazy\" class=\"alignleft size-thumbnail wp-image-8072\" src=\"https:\/\/blog.ilgiornale.it\/ruzzo\/files\/2013\/04\/fabian-150x150.jpg\" alt=\"\" width=\"120\" height=\"120\" \/><\/a><a href=\"https:\/\/blog.ilgiornale.it\/ruzzo\/files\/2013\/04\/daniel-fontana.jpg\"><img loading=\"lazy\" class=\"alignleft size-thumbnail wp-image-8073\" src=\"https:\/\/blog.ilgiornale.it\/ruzzo\/files\/2013\/04\/daniel-fontana-150x150.jpg\" alt=\"\" width=\"120\" height=\"120\" \/><\/a><a href=\"https:\/\/blog.ilgiornale.it\/ruzzo\/files\/2013\/04\/Claudia-Gerini-Al-cinema-mi-faccio-in-quattro_h_partb.jpg\"><img loading=\"lazy\" class=\"alignleft size-thumbnail wp-image-8074\" src=\"https:\/\/blog.ilgiornale.it\/ruzzo\/files\/2013\/04\/Claudia-Gerini-Al-cinema-mi-faccio-in-quattro_h_partb-150x150.jpg\" alt=\"\" width=\"120\" height=\"120\" \/><\/a><\/p>\n<p>&nbsp;<\/p>\n<p>&nbsp;<\/p>\n<p>&nbsp;<\/p>\n<p>Non volevo scriverlo &#8216;sto pezzo perch\u00e8 sicuramente dimenticher\u00f2 qualcuno. E pazienza. Per\u00f2, come diceva <strong>Adriano De Zan\u00a0<\/strong> nelle sue telecronache, quello della <strong>Milano city Marathon<\/strong> \u00e8 davvero un<em> parterre de roi<\/em>. Atleti, ex atleti, medaglie olimpiche, attori,\u00a0 politici, deejay, registi corrono tutti . La staffetta ovviamente. Per\u00f2 ci sono nomi importanti e danno lustro. Cominciamo dai campioni olimpici che sono tanti. <strong>Stefano Baldini<\/strong>, medaglia d&#8217;oro ad Atene, correr\u00e0 con <strong>Vincenzo Modica, Danilo Goffi e Giovanni Ruggiero.<\/strong> Chi sa di atletica sa perfettamente cosa combinarono questi quattro quindici anni fa agli europei di maratona di Budapest. Per chi non lo sa va detto che arrivarono primo, secondo, terzo e settimo. Un quartetto stellare che domenica correr\u00e0 per <strong>Cuamm,<\/strong> i medici che lavorano nelle missioni africane. Altre medaglie in gara quelle della staffetta <strong>Anpil<\/strong> sostenuta dalla\u00a0\u00a0<strong>Enervit:<\/strong> <strong>Alessandro Fabian<\/strong> (triathlon, 10.ind Londra 2012), <strong>Daniele Molmenti<\/strong> (kayak, oro Londra 2012) e <strong>Cristian Zorzi<\/strong> (sci fondo 1 oro staffetta Torino 2006, 1 argento staffetta Salt Lake City 2002 e 1 bronzo sprint Salt Lake City 2002) corrono per raccogliere i fondi necessari al progetto acqua<strong><em> <\/em><\/strong>per i bambini dell\u2019orfanotrofio di Mwene Dito, in Congo. Altra medaglia olimpica in gara sar\u00e0 quella di <strong>Antonio Rossi<\/strong>, canoista d&#8217;oro un tempo e oggi, assessore allo sport di Regione Lombardia. E tra gli olimpionici citazione d&#8217;obbligo per il traithleta <strong>Daniel Fontana<\/strong> che correr\u00e0 con<strong> Ivan Risti<\/strong> nella staffetta Laureus. Per <strong>Doppia Difesa<\/strong> corre invece <strong>Annalisa Minetti<\/strong> e per<strong> Disabili no limits Giusy Versace<\/strong>. Staffetta tutta radiofonica \u00e8 quella di <strong>Radio Deejay<\/strong> capitanata ovviamente da <strong>Linus.<\/strong> Con lui in gara per il <strong>Dynamo Camp<\/strong> ci saranno anche <strong>Nicola Savino<\/strong>, <strong>Aldo Rock<\/strong> e <strong>Alex Farolfi<\/strong> regista di <strong>Deejay Chiama Italia<\/strong> e mio compagno di corse in pausa pranzo al <strong>Sempione<\/strong> con <strong>&#8220;Giorgino&#8221;<\/strong> ( altra staffetta di Deejay)\u00a0e<strong> Alice<\/strong> che per\u00f2 si far\u00e0 tutti i 42 chilometri e 195metri. Ancora vip. In gara\u00a0 anche <strong>Giovanni Storti,<\/strong> runner molto forte anche nel trail,\u00a0\u00a0 <strong>Max Laudadio<\/strong> e <strong>Edoardo Stoppa<\/strong> che correranno per &#8220;Striscia la Staffetta&#8221; e il <strong>Mago Forest<\/strong> che corre per <strong>Prometeo<\/strong>. Annuciate al via ma non si sa ancora se correranno\u00a0anche <strong>Claudia Gerini<\/strong> ( Acra), <strong>Filippa Lagerback<\/strong> e <strong>Benedetta Parodi. <\/strong>Infine torna sulle strade milanesi, dopo essere salita sul podio della <strong>Stramilano<\/strong>, <strong>Emma Quaglia<\/strong> che corre per Acra e anche il mio collega della <strong>Gazzetta Manlio Gasparotto<\/strong> che sostiene la Fondazione Cannav\u00f2. E, come dicevo prima, sicuramente qualcuno ho dimenticato&#8230;<\/p>\n","protected":false},"excerpt":{"rendered":"<p><p>&nbsp; &nbsp; &nbsp; Non volevo scriverlo &#8216;sto pezzo perch\u00e8 sicuramente dimenticher\u00f2 qualcuno. E pazienza. Per\u00f2, come diceva Adriano De Zan\u00a0 nelle sue telecronache, quello della Milano city Marathon \u00e8 davvero un parterre de roi. Atleti, ex atleti, medaglie olimpiche, attori,\u00a0 politici, deejay, registi corrono tutti . La staffetta ovviamente. Per\u00f2 ci sono nomi importanti e danno lustro. Cominciamo dai campioni olimpici che sono tanti. Stefano Baldini, medaglia d&#8217;oro ad Atene, correr\u00e0 con Vincenzo Modica, Danilo Goffi e Giovanni Ruggiero. Chi sa di atletica sa perfettamente cosa combinarono questi quattro quindici anni fa agli europei di maratona di Budapest. Per chi [&hellip;]<\/p>\n&nbsp;&nbsp;<div class=\"readmore\"><a href=\"https:\/\/blog.ilgiornale.it\/ruzzo\/2013\/04\/05\/facce-da-maratona\/\">Continua a leggere...<\/a><\/div><\/p>","protected":false},"author":956,"featured_media":0,"comment_status":"open","ping_status":"closed","sticky":false,"template":"","format":"standard","meta":[],"categories":[1],"tags":[25787,25792,8700,25790,25788,8709,25791,25789,25786,1663,6158,8679,8699],"_links":{"self":[{"href":"https:\/\/blog.ilgiornale.it\/ruzzo\/wp-json\/wp\/v2\/posts\/8059"}],"collection":[{"href":"https:\/\/blog.ilgiornale.it\/ruzzo\/wp-json\/wp\/v2\/posts"}],"about":[{"href":"https:\/\/blog.ilgiornale.it\/ruzzo\/wp-json\/wp\/v2\/types\/post"}],"author":[{"embeddable":true,"href":"https:\/\/blog.ilgiornale.it\/ruzzo\/wp-json\/wp\/v2\/users\/956"}],"replies":[{"embeddable":true,"href":"https:\/\/blog.ilgiornale.it\/ruzzo\/wp-json\/wp\/v2\/comments?post=8059"}],"version-history":[{"count":14,"href":"https:\/\/blog.ilgiornale.it\/ruzzo\/wp-json\/wp\/v2\/posts\/8059\/revisions"}],"predecessor-version":[{"id":8080,"href":"https:\/\/blog.ilgiornale.it\/ruzzo\/wp-json\/wp\/v2\/posts\/8059\/revisions\/8080"}],"wp:attachment":[{"href":"https:\/\/blog.ilgiornale.it\/ruzzo\/wp-json\/wp\/v2\/media?parent=8059"}],"wp:term":[{"taxonomy":"category","embeddable":true,"href":"https:\/\/blog.ilgiornale.it\/ruzzo\/wp-json\/wp\/v2\/categories?post=8059"},{"taxonomy":"post_tag","embeddable":true,"href":"https:\/\/blog.ilgiornale.it\/ruzzo\/wp-json\/wp\/v2\/tags?post=8059"}],"curies":[{"name":"wp","href":"https:\/\/api.w.org\/{rel}","templated":true}]}}