{"id":8189,"date":"2013-04-13T18:11:23","date_gmt":"2013-04-13T16:11:23","guid":{"rendered":"https:\/\/blog.ilgiornale.it\/ruzzo\/?p=8189"},"modified":"2013-04-13T18:12:05","modified_gmt":"2013-04-13T16:12:05","slug":"firenze-domani-via-allavon-running","status":"publish","type":"post","link":"https:\/\/blog.ilgiornale.it\/ruzzo\/2013\/04\/13\/firenze-domani-via-allavon-running\/","title":{"rendered":"Firenze, domani via all&#8217;Avon Running"},"content":{"rendered":"<p><a href=\"https:\/\/blog.ilgiornale.it\/ruzzo\/files\/2013\/04\/Partenza_5km_Firenze.jpg\"><img loading=\"lazy\" class=\"alignleft size-medium wp-image-8190\" src=\"https:\/\/blog.ilgiornale.it\/ruzzo\/files\/2013\/04\/Partenza_5km_Firenze-300x199.jpg\" alt=\"\" width=\"300\" height=\"199\" \/><\/a>Non sono tanti i casi in cui uno sponsor si lega cos\u00ec fortemente ad un evento da diventare tutt&#8217;uno.\u00a0 E Avon Running \u00e8 ormai\u00a0 per tutti\u00a0la Corsa delle donne. Un fiume in piena lo scorso anno ha invaso Milano, Genova, Bari e Firenze e che quest&#8217;anno riparte\u00a0proprio domani dalla citt\u00e0 gigliata per poi tornare il 19 maggio a Milano.\u00a0 Una due giorni quella fiorentina che\u00a0domattina far\u00e0 il &#8220;botto&#8221; con il via della gara agonistica sui 10 km e la non competitiva, a passo libero, sulla distanza di 5 km. Partenza e arrivo sono previsti in <strong>Piazza Santa Maria Novella <\/strong>Lma la corsa attraverser\u00e0 tutto il centro storico della citt\u00e0 da\u00a0Piazza Duomo, proseguendo per Ponte Vecchio e allungandosi sino a rientrare in Piazza Santa Maria Novella. Il via alla 10 km \u00e8 previsto per le 10.00 mentre la 5 km partir\u00e0 alle 10.15. Alla corsa a ritmo libero sar\u00e0 possibile iscriversi fino a poco prima dell\u2019inizio della gara.\u00a0 Pr oprio l\u2019<strong>Avon Running Village <\/strong>\u00e8 il centro nevralgico del week-end, con una serie di opportunit\u00e0 di relax e di svago, a partire da Avon che metter\u00e0 a disposizione sue truccatrici per un make-up impeccabile, oltre a illustrare le opportunit\u00e0 di diventare Presentatrici Avon. L\u2019intero ricavato della vendita delle sacche anche quest\u2019anno va a favore di associazioni che si occupano di tutela delle donne. Per Firenze si riconferma <strong>Artemisia<\/strong>, impegnata a offrire supporto a <strong>donne vittime di violenza domestica e ai loro figli. <\/strong>Il progetto sposato per il 2013 \u00e8<strong> \u201cBambini e bambine vittime di violenza\u201d, <\/strong>che vuole coinvolgere e sostenere le vittime assieme ai genitori protettivi, offrendo percorsi paralleli in cui la ricostruzione e l\u2019elaborazione proceda di pari passo. (<a href=\"http:\/\/res03.creatormailitalia.net\/Attiva\/CAABDFRes.nsf\/A01?OpenAgent&amp;IDCode=caabdf.a0029.4d4159eee3109edbc1257b0f0037b6b3&amp;ResCode=L0069\">www.artemisiacentroantiviolenza.it<\/a>). L\u2019anno scorso sono stati raccolti <strong>22.194 euro<\/strong> che hanno consentito di aiutare le donne e garantire servizi terapeutici per i minori a carico.<\/p>\n","protected":false},"excerpt":{"rendered":"<p><p>Non sono tanti i casi in cui uno sponsor si lega cos\u00ec fortemente ad un evento da diventare tutt&#8217;uno.\u00a0 E Avon Running \u00e8 ormai\u00a0 per tutti\u00a0la Corsa delle donne. Un fiume in piena lo scorso anno ha invaso Milano, Genova, Bari e Firenze e che quest&#8217;anno riparte\u00a0proprio domani dalla citt\u00e0 gigliata per poi tornare il 19 maggio a Milano.\u00a0 Una due giorni quella fiorentina che\u00a0domattina far\u00e0 il &#8220;botto&#8221; con il via della gara agonistica sui 10 km e la non competitiva, a passo libero, sulla distanza di 5 km. Partenza e arrivo sono previsti in Piazza Santa Maria Novella Lma [&hellip;]<\/p>\n&nbsp;&nbsp;<div class=\"readmore\"><a href=\"https:\/\/blog.ilgiornale.it\/ruzzo\/2013\/04\/13\/firenze-domani-via-allavon-running\/\">Continua a leggere...<\/a><\/div><\/p>","protected":false},"author":956,"featured_media":0,"comment_status":"open","ping_status":"closed","sticky":false,"template":"","format":"standard","meta":[],"categories":[1],"tags":[25805,4593,25806,25807,25808],"_links":{"self":[{"href":"https:\/\/blog.ilgiornale.it\/ruzzo\/wp-json\/wp\/v2\/posts\/8189"}],"collection":[{"href":"https:\/\/blog.ilgiornale.it\/ruzzo\/wp-json\/wp\/v2\/posts"}],"about":[{"href":"https:\/\/blog.ilgiornale.it\/ruzzo\/wp-json\/wp\/v2\/types\/post"}],"author":[{"embeddable":true,"href":"https:\/\/blog.ilgiornale.it\/ruzzo\/wp-json\/wp\/v2\/users\/956"}],"replies":[{"embeddable":true,"href":"https:\/\/blog.ilgiornale.it\/ruzzo\/wp-json\/wp\/v2\/comments?post=8189"}],"version-history":[{"count":2,"href":"https:\/\/blog.ilgiornale.it\/ruzzo\/wp-json\/wp\/v2\/posts\/8189\/revisions"}],"predecessor-version":[{"id":8192,"href":"https:\/\/blog.ilgiornale.it\/ruzzo\/wp-json\/wp\/v2\/posts\/8189\/revisions\/8192"}],"wp:attachment":[{"href":"https:\/\/blog.ilgiornale.it\/ruzzo\/wp-json\/wp\/v2\/media?parent=8189"}],"wp:term":[{"taxonomy":"category","embeddable":true,"href":"https:\/\/blog.ilgiornale.it\/ruzzo\/wp-json\/wp\/v2\/categories?post=8189"},{"taxonomy":"post_tag","embeddable":true,"href":"https:\/\/blog.ilgiornale.it\/ruzzo\/wp-json\/wp\/v2\/tags?post=8189"}],"curies":[{"name":"wp","href":"https:\/\/api.w.org\/{rel}","templated":true}]}}