{"id":8570,"date":"2013-05-20T17:58:46","date_gmt":"2013-05-20T15:58:46","guid":{"rendered":"https:\/\/blog.ilgiornale.it\/ruzzo\/?p=8570"},"modified":"2013-05-20T18:08:29","modified_gmt":"2013-05-20T16:08:29","slug":"maratona-di-franciacorta-tre-tappe-sulle-colline-di-carlo-magno","status":"publish","type":"post","link":"https:\/\/blog.ilgiornale.it\/ruzzo\/2013\/05\/20\/maratona-di-franciacorta-tre-tappe-sulle-colline-di-carlo-magno\/","title":{"rendered":"Maratona di Franciacorta, tre tappe sulle colline di Carlo Magno"},"content":{"rendered":"<p><a href=\"https:\/\/blog.ilgiornale.it\/ruzzo\/files\/2013\/05\/fran.jpg\"><img loading=\"lazy\" class=\"alignleft size-medium wp-image-8577\" src=\"https:\/\/blog.ilgiornale.it\/ruzzo\/files\/2013\/05\/fran-212x300.jpg\" alt=\"\" width=\"212\" height=\"300\" srcset=\"https:\/\/blog.ilgiornale.it\/ruzzo\/files\/2013\/05\/fran-212x300.jpg 212w, https:\/\/blog.ilgiornale.it\/ruzzo\/files\/2013\/05\/fran.jpg 500w\" sizes=\"(max-width: 212px) 100vw, 212px\" \/><\/a>La <strong>Franciacorta<\/strong> \u00e8 terra di vini e bollicine. Di dolci colline, di\u00a0storia e di tradizione soprattutto tra tavola e cantine.\u00a0\u00a0Ma da qualche anno la<strong> Franciacorta<\/strong> lega il suo territorio anche allo sport, soprattutto alla corsa. Grazie\u00a0anche all&#8217;intuizione di\u00a0\u00a0<strong>Gabriele Rosa<\/strong>, uno dei pi\u00f9 grandi tecnici di atletica in circolazione che con gli atleti keniani ha praticamente vinto tutto ci\u00f2 che c&#8217;era da vincere. Promossa da <strong>Rosa &amp; Associati<\/strong> nasce infatti quest&#8217;anno una maratona che celebra questo storico territorio\u00a0tra <strong>Brescia e il lago d&#8217;Iseo<\/strong>. \u00a0Un territorio e\u00a0 un nome\u00a0che la leggenda fa risalire addiruttura e\u00a0\u00a0<strong>Carlo Magno<\/strong> che nel 774 dopo aver conuqistato Brescia longobarda si accamp\u00f2 a <strong>Rodengo Saiano<\/strong> decretando il nome di &#8220;piccola Francia&#8221; per tutta la zona. Origine che\u00a0 invece gli\u00a0studiosi attribuiscono alle \u00a0\u201cfrancae curtes\u201d, le piccole comunit\u00e0 di monaci benedettini che nel Medioevo bonificavano e coltivavano queste terre. Ma torniamo alla gara che si correr\u00e0 tra poco pi\u00f9 di un mese in tre\u00a0 tappe che si conculderanno sulla classica distanza dei 42km e 195 metri con una classifcia finale che sommer\u00e0 i tempi dei tre parziali. La <strong>maratona della Franciacorta<\/strong> \u00e8 in programma tutta in un week end, il 28, 29 e 30 giugno: la prima tappa sar\u00e0 la \u201c<strong>Adro-Erbusco<\/strong>\u201d, gara UISP competitiva di 11,098 km\u00a0 caratterizzata continui su e gi\u00f9. La seconda tappa\u00a0 coincide invece con la storica \u201c<strong>Quattropassi in Franciacorta\u201d,<\/strong> nona edizione della corsa organizzata dal comitato che da anni cura una delle pi\u00f9 note e frequentate feste estive di paese, la\u00a0 <strong>Camignonissima.<\/strong> E una &#8220;mezza&#8221; <strong>Fidal <\/strong>su un percorso quasi completamente collinare. Infine la terza e ultima tappa, la <strong>&#8220;Cortefranca&#8221;<\/strong> una \u00a010 km\u00a0che attraversa uno \u00a0dei territori pi\u00f9 spettacolari della Franciacorta: la riserva naturale delle<strong>Torbiere del Sebino\u00a0<\/strong>\u00a0dominato dal <strong>Monastero di San Pietro in Lamosa<\/strong>. Per informazioni ed iscrizioni ecco il sito (<a href=\"http:\/\/www.maratonafranciacorta.it\/\">http:\/\/www.maratonafranciacorta.it\/<\/a>)<\/p>\n","protected":false},"excerpt":{"rendered":"<p><p>La Franciacorta \u00e8 terra di vini e bollicine. Di dolci colline, di\u00a0storia e di tradizione soprattutto tra tavola e cantine.\u00a0\u00a0Ma da qualche anno la Franciacorta lega il suo territorio anche allo sport, soprattutto alla corsa. Grazie\u00a0anche all&#8217;intuizione di\u00a0\u00a0Gabriele Rosa, uno dei pi\u00f9 grandi tecnici di atletica in circolazione che con gli atleti keniani ha praticamente vinto tutto ci\u00f2 che c&#8217;era da vincere. Promossa da Rosa &amp; Associati nasce infatti quest&#8217;anno una maratona che celebra questo storico territorio\u00a0tra Brescia e il lago d&#8217;Iseo. \u00a0Un territorio e\u00a0 un nome\u00a0che la leggenda fa risalire addiruttura e\u00a0\u00a0Carlo Magno che nel 774 dopo aver conuqistato [&hellip;]<\/p>\n&nbsp;&nbsp;<div class=\"readmore\"><a href=\"https:\/\/blog.ilgiornale.it\/ruzzo\/2013\/05\/20\/maratona-di-franciacorta-tre-tappe-sulle-colline-di-carlo-magno\/\">Continua a leggere...<\/a><\/div><\/p>","protected":false},"author":956,"featured_media":0,"comment_status":"open","ping_status":"closed","sticky":false,"template":"","format":"standard","meta":[],"categories":[1],"tags":[31903,8630,25885,25886],"_links":{"self":[{"href":"https:\/\/blog.ilgiornale.it\/ruzzo\/wp-json\/wp\/v2\/posts\/8570"}],"collection":[{"href":"https:\/\/blog.ilgiornale.it\/ruzzo\/wp-json\/wp\/v2\/posts"}],"about":[{"href":"https:\/\/blog.ilgiornale.it\/ruzzo\/wp-json\/wp\/v2\/types\/post"}],"author":[{"embeddable":true,"href":"https:\/\/blog.ilgiornale.it\/ruzzo\/wp-json\/wp\/v2\/users\/956"}],"replies":[{"embeddable":true,"href":"https:\/\/blog.ilgiornale.it\/ruzzo\/wp-json\/wp\/v2\/comments?post=8570"}],"version-history":[{"count":7,"href":"https:\/\/blog.ilgiornale.it\/ruzzo\/wp-json\/wp\/v2\/posts\/8570\/revisions"}],"predecessor-version":[{"id":8575,"href":"https:\/\/blog.ilgiornale.it\/ruzzo\/wp-json\/wp\/v2\/posts\/8570\/revisions\/8575"}],"wp:attachment":[{"href":"https:\/\/blog.ilgiornale.it\/ruzzo\/wp-json\/wp\/v2\/media?parent=8570"}],"wp:term":[{"taxonomy":"category","embeddable":true,"href":"https:\/\/blog.ilgiornale.it\/ruzzo\/wp-json\/wp\/v2\/categories?post=8570"},{"taxonomy":"post_tag","embeddable":true,"href":"https:\/\/blog.ilgiornale.it\/ruzzo\/wp-json\/wp\/v2\/tags?post=8570"}],"curies":[{"name":"wp","href":"https:\/\/api.w.org\/{rel}","templated":true}]}}