{"id":8604,"date":"2013-05-24T17:39:33","date_gmt":"2013-05-24T15:39:33","guid":{"rendered":"https:\/\/blog.ilgiornale.it\/ruzzo\/?p=8604"},"modified":"2013-05-24T18:23:28","modified_gmt":"2013-05-24T16:23:28","slug":"ancora-doping-al-giro-chissenefrega","status":"publish","type":"post","link":"https:\/\/blog.ilgiornale.it\/ruzzo\/2013\/05\/24\/ancora-doping-al-giro-chissenefrega\/","title":{"rendered":"Ancora doping al Giro? Chissenefrega"},"content":{"rendered":"<p><strong>Raisport Uno<\/strong> trasmette un torneo di dressage e su <strong>Raisport Due<\/strong>\u00a0va la replica di un \u00a0tv stadio del 1985, con un gol di\u00a0<strong>Cerezo<\/strong> e una sgroppata di<strong> Boniek<\/strong> con la maglia della <strong>Juve.<\/strong> Il Giro non c&#8217;\u00e8, cancellato dal maltempo. &#8220;A causa delle condizioni climatiche avverse e la presenza di neve su tutto il percorso di gara, la 19esima tappa, Ponte di Legno-Val Martello&#8221; spiegano gli organizzatori. Ed \u00e9 meglio cos\u00ec.\u00a0Gi\u00e0 perch\u00e8 oggi \u00e8 ancora un giorno di doping. Tocca (ritocca) a <strong>Danilo Di Luca <\/strong>pizzicato positivo all&#8217;Epo. Roba vecchia. Che per\u00f2 torna come una metastasi che rischia di contaminare anche le parti buone. Che ci sono. L&#8217;abruzzese dice che\u00a0le controanalisi chiariranno tutto ed \u00e8\u00a0sorpreso e deluso. Figurarsi gli altri, a cominciare dal suo direttore sportivo <strong>Luca Scinto<\/strong> che proprio non lo voleva. Ma questi sono dettagli. Gi\u00e0 detti, gi\u00e0 sentiti, gi\u00e0 scritti: basta.\u00a0\u00a0Resta il fatto che non se ne esce, nonostante\u00a0 gli sforzi, nonostante l&#8217;aria sia cambiata, nonostante tutto. Non se ne esce perch\u00e8 basta uno e si ricomincia da capo con l&#8217;indignazione, i sospetti, i sorrisetti e le toccatine di gomito. Io domani correr\u00f2 a Rimini, in un challenghe di triathlon dove ci sono anche tanti chilometri di bicicletta. Godr\u00f2 del \u00a0rumore delle mie ruote, del sibilo dei miei freni,\u00a0\u00a0dell&#8217;affanno del mio respiro, del dolore della mia fatica e del sapore del mio sudore.\u00a0 E mi basta cos\u00ec: \u00e8 il mio modo\u00a0di correre e di vincere sempre. Del resto\u00a0\u00a0chissenefrega&#8230;<\/p>\n","protected":false},"excerpt":{"rendered":"<p><p>Raisport Uno trasmette un torneo di dressage e su Raisport Due\u00a0va la replica di un \u00a0tv stadio del 1985, con un gol di\u00a0Cerezo e una sgroppata di Boniek con la maglia della Juve. Il Giro non c&#8217;\u00e8, cancellato dal maltempo. &#8220;A causa delle condizioni climatiche avverse e la presenza di neve su tutto il percorso di gara, la 19esima tappa, Ponte di Legno-Val Martello&#8221; spiegano gli organizzatori. Ed \u00e9 meglio cos\u00ec.\u00a0Gi\u00e0 perch\u00e8 oggi \u00e8 ancora un giorno di doping. Tocca (ritocca) a Danilo Di Luca pizzicato positivo all&#8217;Epo. Roba vecchia. Che per\u00f2 torna come una metastasi che rischia di contaminare [&hellip;]<\/p>\n&nbsp;&nbsp;<div class=\"readmore\"><a href=\"https:\/\/blog.ilgiornale.it\/ruzzo\/2013\/05\/24\/ancora-doping-al-giro-chissenefrega\/\">Continua a leggere...<\/a><\/div><\/p>","protected":false},"author":956,"featured_media":0,"comment_status":"open","ping_status":"closed","sticky":false,"template":"","format":"standard","meta":[],"categories":[1],"tags":[25834,31911,31912,11280],"_links":{"self":[{"href":"https:\/\/blog.ilgiornale.it\/ruzzo\/wp-json\/wp\/v2\/posts\/8604"}],"collection":[{"href":"https:\/\/blog.ilgiornale.it\/ruzzo\/wp-json\/wp\/v2\/posts"}],"about":[{"href":"https:\/\/blog.ilgiornale.it\/ruzzo\/wp-json\/wp\/v2\/types\/post"}],"author":[{"embeddable":true,"href":"https:\/\/blog.ilgiornale.it\/ruzzo\/wp-json\/wp\/v2\/users\/956"}],"replies":[{"embeddable":true,"href":"https:\/\/blog.ilgiornale.it\/ruzzo\/wp-json\/wp\/v2\/comments?post=8604"}],"version-history":[{"count":9,"href":"https:\/\/blog.ilgiornale.it\/ruzzo\/wp-json\/wp\/v2\/posts\/8604\/revisions"}],"predecessor-version":[{"id":8613,"href":"https:\/\/blog.ilgiornale.it\/ruzzo\/wp-json\/wp\/v2\/posts\/8604\/revisions\/8613"}],"wp:attachment":[{"href":"https:\/\/blog.ilgiornale.it\/ruzzo\/wp-json\/wp\/v2\/media?parent=8604"}],"wp:term":[{"taxonomy":"category","embeddable":true,"href":"https:\/\/blog.ilgiornale.it\/ruzzo\/wp-json\/wp\/v2\/categories?post=8604"},{"taxonomy":"post_tag","embeddable":true,"href":"https:\/\/blog.ilgiornale.it\/ruzzo\/wp-json\/wp\/v2\/tags?post=8604"}],"curies":[{"name":"wp","href":"https:\/\/api.w.org\/{rel}","templated":true}]}}