{"id":8636,"date":"2013-05-26T18:33:44","date_gmt":"2013-05-26T16:33:44","guid":{"rendered":"https:\/\/blog.ilgiornale.it\/ruzzo\/?p=8636"},"modified":"2013-05-27T23:20:21","modified_gmt":"2013-05-27T21:20:21","slug":"rimini-challenge-vince-mc-corrmack-ma-vincono-tutti","status":"publish","type":"post","link":"https:\/\/blog.ilgiornale.it\/ruzzo\/2013\/05\/26\/rimini-challenge-vince-mc-corrmack-ma-vincono-tutti\/","title":{"rendered":"Rimini challenge, vince Mc Cormack. Ma anche tutti gli altri"},"content":{"rendered":"<p><a href=\"https:\/\/blog.ilgiornale.it\/ruzzo\/files\/2013\/05\/foto-11.jpg\"><img loading=\"lazy\" class=\"alignright size-medium wp-image-8675\" src=\"https:\/\/blog.ilgiornale.it\/ruzzo\/files\/2013\/05\/foto-11-300x225.jpg\" alt=\"\" width=\"300\" height=\"225\" srcset=\"https:\/\/blog.ilgiornale.it\/ruzzo\/files\/2013\/05\/foto-11-300x225.jpg 300w, https:\/\/blog.ilgiornale.it\/ruzzo\/files\/2013\/05\/foto-11.jpg 960w\" sizes=\"(max-width: 300px) 100vw, 300px\" \/><\/a>Anche la pioggia ha capito che per un pomeriggio doveva stare a guardare. La prima edizione del <strong>Challenge di Rimini<\/strong> e&#8217; stata una festa vera per tutti. Per chi ha corso e ha finito, per chi non c&#8217;\u00e8 riuscito perch\u00e9 stamattina il mare faceva davvero paura, per chi ha provato l&#8217;ebbrezza di una gara cos\u00ec dura spartendosela con due compagni di avventura. Festa agonistica con l&#8217;azzurro carabiniere <strong>Ale Fabian<\/strong> che ieri ha dominato la gara sprint e con l&#8217;annunciato testa a testa tra <strong>Daniel Fontana<\/strong> e <strong>Chris Mac Cormack<\/strong> che ha vinto per una manciata di secondi. Festa per<strong> Aldo Rock<\/strong> che \u00e8 arrivato al traguardo che stava quasi tramontando il sole ma non ha mollato e per <strong>Alice,<\/strong> sua collega di <strong>Radiodeejay<\/strong> che &#8220;e&#8217;uscita viva dall&#8217;acqua&#8221; ed ora e&#8217; pronta per debuttare a Bardolino. Festa per il collega del Sole 24ore <strong>Riccardo Barlaam<\/strong> che pedala sulle salite pi\u00f9 dure del mondo ma si difende anche a nuoto e di corsa. E festa per una Rimini bagnata e infreddolita ma con gli spalti gremiti. Anche bimbi, cuccioli, esordienti e ragazzi hanno avuto il loro pezzetto di gloria, quasi epica perche&#8217; correre e pedalare sotto la bufera di acqua che si e&#8217; scatenata sabato pomeriggio e&#8217; quasi da denuncia a telefono azzurro. C&#8217;era il clima del grande evento e cosi&#8217; e&#8217; stato. L&#8217;organizzazione si e&#8217;presa il lungomare e non ha sbagliato quasi nulla dalle zone cambio, ai rifornimenti alla gestione del lungo percorso fino sugli Appennini romagnoli che pi\u00f9 duro di cos\u00ec davvero non si poteva. Salite, salite e poi discese e discese. Impossibile trovare un metro in piano se non sul l&#8217;ultimo tratto da Riccione&#8230;ma li&#8217; a complicare le cose ci si \u00e8 messo il vento. Per\u00f2 \u00e8 finita in gloria. Anche per lo squadrone dell&#8217; <strong>Aurora triathlon<\/strong> che correva abbinando i suoi colori a quelli di <strong>Smarathon<\/strong> e a cui la <strong>Fitri<\/strong> dovrebbe fare un monumento per tutta la gente che sta portando nel mondo del multi sport. Ottima la prova in staffetta che si \u00e8 piazzata 14ma assoluta trainata da <strong>Marco Russo<\/strong> che ha chiuso la sua frazione a nuoto in poco pi\u00f9 di 18 minuti: lo stesso tempo di <strong>Mc Cormack e Fontana<\/strong>, tanto per capirci. Ma staffettisti a parte sono arrivati al traguardo del mezzo ironman tutti gli atleti della spedizione: dallo &#8220;zurighese&#8221; Marco a Cristian che nella frazione in bici ha anche forato. Finisce come finiscono le belle fiabe e cio\u00e8 tutti felici e contenti. Con il presidente di <strong>Smarathon Luca de Luca<\/strong> che debutta con successo nello sprint ed ora pensa in grande e con i miei tre figli che dopo essersi spellati le mani incitare Daniel Fontana lo hanno anche salutato dopo il traguardo: &#8220;Ciao ragazzi ci vediamo in <strong>DDS&#8230;&#8221;.<\/strong> Si&#8217; perch\u00e9 nuotano tutti li&#8217;. \u00c8 se non voglio uscire dall&#8217;acqua tra gli ultimi mi sa che ci devo andare pi\u00f9 spesso anche io&#8230;<\/p>\n","protected":false},"excerpt":{"rendered":"<p><p>Anche la pioggia ha capito che per un pomeriggio doveva stare a guardare. La prima edizione del Challenge di Rimini e&#8217; stata una festa vera per tutti. Per chi ha corso e ha finito, per chi non c&#8217;\u00e8 riuscito perch\u00e9 stamattina il mare faceva davvero paura, per chi ha provato l&#8217;ebbrezza di una gara cos\u00ec dura spartendosela con due compagni di avventura. Festa agonistica con l&#8217;azzurro carabiniere Ale Fabian che ieri ha dominato la gara sprint e con l&#8217;annunciato testa a testa tra Daniel Fontana e Chris Mac Cormack che ha vinto per una manciata di secondi. Festa per Aldo [&hellip;]<\/p>\n&nbsp;&nbsp;<div class=\"readmore\"><a href=\"https:\/\/blog.ilgiornale.it\/ruzzo\/2013\/05\/26\/rimini-challenge-vince-mc-corrmack-ma-vincono-tutti\/\">Continua a leggere...<\/a><\/div><\/p>","protected":false},"author":956,"featured_media":0,"comment_status":"open","ping_status":"closed","sticky":false,"template":"","format":"standard","meta":[],"categories":[1],"tags":[25876,31916,8666,31917,31915,3406],"_links":{"self":[{"href":"https:\/\/blog.ilgiornale.it\/ruzzo\/wp-json\/wp\/v2\/posts\/8636"}],"collection":[{"href":"https:\/\/blog.ilgiornale.it\/ruzzo\/wp-json\/wp\/v2\/posts"}],"about":[{"href":"https:\/\/blog.ilgiornale.it\/ruzzo\/wp-json\/wp\/v2\/types\/post"}],"author":[{"embeddable":true,"href":"https:\/\/blog.ilgiornale.it\/ruzzo\/wp-json\/wp\/v2\/users\/956"}],"replies":[{"embeddable":true,"href":"https:\/\/blog.ilgiornale.it\/ruzzo\/wp-json\/wp\/v2\/comments?post=8636"}],"version-history":[{"count":16,"href":"https:\/\/blog.ilgiornale.it\/ruzzo\/wp-json\/wp\/v2\/posts\/8636\/revisions"}],"predecessor-version":[{"id":8676,"href":"https:\/\/blog.ilgiornale.it\/ruzzo\/wp-json\/wp\/v2\/posts\/8636\/revisions\/8676"}],"wp:attachment":[{"href":"https:\/\/blog.ilgiornale.it\/ruzzo\/wp-json\/wp\/v2\/media?parent=8636"}],"wp:term":[{"taxonomy":"category","embeddable":true,"href":"https:\/\/blog.ilgiornale.it\/ruzzo\/wp-json\/wp\/v2\/categories?post=8636"},{"taxonomy":"post_tag","embeddable":true,"href":"https:\/\/blog.ilgiornale.it\/ruzzo\/wp-json\/wp\/v2\/tags?post=8636"}],"curies":[{"name":"wp","href":"https:\/\/api.w.org\/{rel}","templated":true}]}}