{"id":8796,"date":"2013-06-10T16:22:57","date_gmt":"2013-06-10T14:22:57","guid":{"rendered":"https:\/\/blog.ilgiornale.it\/ruzzo\/?p=8796"},"modified":"2013-06-10T17:03:47","modified_gmt":"2013-06-10T15:03:47","slug":"ladri-di-bicicletta","status":"publish","type":"post","link":"https:\/\/blog.ilgiornale.it\/ruzzo\/2013\/06\/10\/ladri-di-bicicletta\/","title":{"rendered":"Ladri di biciclette&#8230;"},"content":{"rendered":"<p><a href=\"https:\/\/blog.ilgiornale.it\/ruzzo\/files\/2013\/06\/sica.jpg\"><img loading=\"lazy\" class=\"alignleft size-medium wp-image-8801\" src=\"https:\/\/blog.ilgiornale.it\/ruzzo\/files\/2013\/06\/sica-209x300.jpg\" alt=\"\" width=\"209\" height=\"300\" srcset=\"https:\/\/blog.ilgiornale.it\/ruzzo\/files\/2013\/06\/sica-209x300.jpg 209w, https:\/\/blog.ilgiornale.it\/ruzzo\/files\/2013\/06\/sica-714x1024.jpg 714w, https:\/\/blog.ilgiornale.it\/ruzzo\/files\/2013\/06\/sica.jpg 920w\" sizes=\"(max-width: 209px) 100vw, 209px\" \/><\/a>&#8220;La bici la porto in camera&#8230;&#8221;. Chi fa corse amatoriali in bicicletta questa frase l&#8217;ha detta e ripetuta chiss\u00e0 quante volte alla reception degli hotel. E chissenefrega se fanno storie. In garage o in auto alla vigilia della gara del giorno dopo le bici non le lascia pi\u00f9 nessuno. La bici\u00a0dorme con te perch\u00e8 \u00e8 quasi un segno di rispetto, perch\u00e8\u00a0 la notte prima \u00e8 come la notte degli esami, non si chiude quasi occhio e nel dormiveglia \u00e8 bello vederla l\u00ec tranquilla in attesa della fatica del giorno dopo. La bici dorme con te perch\u00e8 prima di appisolarti fai gli ultimi controlli, metti a posto le borracce , il kit della riparazione per le gomme, fissi il pettoralino con il numero di gara. Robe da paranoici, ma i ciclisti sono tutti cos\u00ec e anche un po&#8217; fissati. \u00a0Ma la bici \u00a0dorme con te soprattutto perch\u00e8 quelle da corsa oggi valgono un patrimonio e ci sono bande specializzate che frequentano le corse per fare bottino. Insomma le fregano. Cos\u00ec fa piacere la notizia che passa oggi sulle agenzie che un po&#8217; sembra di tornare ai primi del Dopoguerra in una pellicola di De Sica: &#8220;Ladri di biciclette che partivano da Bratislava arrestati a Sanremo&#8221;.\u00a0 Erano in tre e sono stati fermati in riviera dalla polizia mentre tentavano di portare via quattro le bici in carbonio di tre monegaschi che avevano appena partecipato a una granfondo. &#8220;Hanno anche provato ad andare in fuga&#8221; raccontano dalla questura ma mai come questa volta fa piacere sapere che non sono riusciti ad arrivare al traguardo. Tappa e maglia ai poliziotti.<\/p>\n","protected":false},"excerpt":{"rendered":"<p><p>&#8220;La bici la porto in camera&#8230;&#8221;. Chi fa corse amatoriali in bicicletta questa frase l&#8217;ha detta e ripetuta chiss\u00e0 quante volte alla reception degli hotel. E chissenefrega se fanno storie. In garage o in auto alla vigilia della gara del giorno dopo le bici non le lascia pi\u00f9 nessuno. La bici\u00a0dorme con te perch\u00e8 \u00e8 quasi un segno di rispetto, perch\u00e8\u00a0 la notte prima \u00e8 come la notte degli esami, non si chiude quasi occhio e nel dormiveglia \u00e8 bello vederla l\u00ec tranquilla in attesa della fatica del giorno dopo. La bici dorme con te perch\u00e8 prima di appisolarti fai [&hellip;]<\/p>\n&nbsp;&nbsp;<div class=\"readmore\"><a href=\"https:\/\/blog.ilgiornale.it\/ruzzo\/2013\/06\/10\/ladri-di-bicicletta\/\">Continua a leggere...<\/a><\/div><\/p>","protected":false},"author":956,"featured_media":0,"comment_status":"open","ping_status":"closed","sticky":false,"template":"","format":"standard","meta":[],"categories":[1],"tags":[],"_links":{"self":[{"href":"https:\/\/blog.ilgiornale.it\/ruzzo\/wp-json\/wp\/v2\/posts\/8796"}],"collection":[{"href":"https:\/\/blog.ilgiornale.it\/ruzzo\/wp-json\/wp\/v2\/posts"}],"about":[{"href":"https:\/\/blog.ilgiornale.it\/ruzzo\/wp-json\/wp\/v2\/types\/post"}],"author":[{"embeddable":true,"href":"https:\/\/blog.ilgiornale.it\/ruzzo\/wp-json\/wp\/v2\/users\/956"}],"replies":[{"embeddable":true,"href":"https:\/\/blog.ilgiornale.it\/ruzzo\/wp-json\/wp\/v2\/comments?post=8796"}],"version-history":[{"count":5,"href":"https:\/\/blog.ilgiornale.it\/ruzzo\/wp-json\/wp\/v2\/posts\/8796\/revisions"}],"predecessor-version":[{"id":8798,"href":"https:\/\/blog.ilgiornale.it\/ruzzo\/wp-json\/wp\/v2\/posts\/8796\/revisions\/8798"}],"wp:attachment":[{"href":"https:\/\/blog.ilgiornale.it\/ruzzo\/wp-json\/wp\/v2\/media?parent=8796"}],"wp:term":[{"taxonomy":"category","embeddable":true,"href":"https:\/\/blog.ilgiornale.it\/ruzzo\/wp-json\/wp\/v2\/categories?post=8796"},{"taxonomy":"post_tag","embeddable":true,"href":"https:\/\/blog.ilgiornale.it\/ruzzo\/wp-json\/wp\/v2\/tags?post=8796"}],"curies":[{"name":"wp","href":"https:\/\/api.w.org\/{rel}","templated":true}]}}