{"id":8885,"date":"2013-06-22T23:47:50","date_gmt":"2013-06-22T21:47:50","guid":{"rendered":"https:\/\/blog.ilgiornale.it\/ruzzo\/?p=8885"},"modified":"2013-06-22T23:50:41","modified_gmt":"2013-06-22T21:50:41","slug":"i-pirenei-tra-storia-e-mistero-aspettando-il-tour","status":"publish","type":"post","link":"https:\/\/blog.ilgiornale.it\/ruzzo\/2013\/06\/22\/i-pirenei-tra-storia-e-mistero-aspettando-il-tour\/","title":{"rendered":"I Pirenei, tra storia e mistero aspettando il Tour"},"content":{"rendered":"<p>Ti lasci Perpignan alle spalle e i colori morbidi del tramonto che sembrano pennellate di un pittore con l&#8217;animo sereno improvvisamente cambiano tono. La&#8217; davanti si parano i Pirenei, di un verde scuro questi come il fondo di un bottiglia. \u00c8 fanno un po&#8217; paura. Perch\u00e9  il sole che sta per andar via sparisce dietro un paio di nuvoloni lividi e in un attimo scende il buio. Anche la salita dell&#8217; autostrada si arrampica spalancando sui suoi fianchi alcune voragini che ti lasciano senza fiato. E La Doblo&#8217; carica di biciclette arranca , cos\u00ec ti immagini quale sar\u00e0 la fatica che proprio su queste strade faranno quelli che tra qualche settimana correranno il Tour. Per\u00f2 che invidia. Qui il ciclismo e&#8217; di casa come sulle Alpi e come sulle Dolomiti. Lo vedi dalle scritte che lasciano i tifosi sul l&#8217;asfalto . Ma i Pirenei sono un&#8217;altra cosa. Meno duri forse ma avvolti da quel mistero che solo i monti immersi nella macchia sanno dare. Come i nostri Appennini: terra dura, sincera impervia e perfetta per gli agguati di giornata. Su montagne come queste ormai si perdono e si vincono Giri e Tour pi\u00f9 che sulle vette storiche dove ormai tutti si guardano da tutti e alla fine tutti si aspettano. Domani si riparte verso Barcellona e poi Valencia. Poi in bici fino ad Alicante. Costeggiando il mare e pedalando dolcemente in piano. I Pirenei restano l\u00ec, misteriosi a guardarti avvolti dalle nuvole nere e dalla loro storia. Sembra ti controllino, in realta aspettano che qualcuno lanci la sfida. Aspettano il Tour&#8230;<\/p>\n","protected":false},"excerpt":{"rendered":"<p><p>Ti lasci Perpignan alle spalle e i colori morbidi del tramonto che sembrano pennellate di un pittore con l&#8217;animo sereno improvvisamente cambiano tono. La&#8217; davanti si parano i Pirenei, di un verde scuro questi come il fondo di un bottiglia. \u00c8 fanno un po&#8217; paura. Perch\u00e9 il sole che sta per andar via sparisce dietro un paio di nuvoloni lividi e in un attimo scende il buio. Anche la salita dell&#8217; autostrada si arrampica spalancando sui suoi fianchi alcune voragini che ti lasciano senza fiato. E La Doblo&#8217; carica di biciclette arranca , cos\u00ec ti immagini quale sar\u00e0 la fatica [&hellip;]<\/p>\n&nbsp;&nbsp;<div class=\"readmore\"><a href=\"https:\/\/blog.ilgiornale.it\/ruzzo\/2013\/06\/22\/i-pirenei-tra-storia-e-mistero-aspettando-il-tour\/\">Continua a leggere...<\/a><\/div><\/p>","protected":false},"author":956,"featured_media":0,"comment_status":"open","ping_status":"closed","sticky":false,"template":"","format":"standard","meta":[],"categories":[1],"tags":[],"_links":{"self":[{"href":"https:\/\/blog.ilgiornale.it\/ruzzo\/wp-json\/wp\/v2\/posts\/8885"}],"collection":[{"href":"https:\/\/blog.ilgiornale.it\/ruzzo\/wp-json\/wp\/v2\/posts"}],"about":[{"href":"https:\/\/blog.ilgiornale.it\/ruzzo\/wp-json\/wp\/v2\/types\/post"}],"author":[{"embeddable":true,"href":"https:\/\/blog.ilgiornale.it\/ruzzo\/wp-json\/wp\/v2\/users\/956"}],"replies":[{"embeddable":true,"href":"https:\/\/blog.ilgiornale.it\/ruzzo\/wp-json\/wp\/v2\/comments?post=8885"}],"version-history":[{"count":3,"href":"https:\/\/blog.ilgiornale.it\/ruzzo\/wp-json\/wp\/v2\/posts\/8885\/revisions"}],"predecessor-version":[{"id":8887,"href":"https:\/\/blog.ilgiornale.it\/ruzzo\/wp-json\/wp\/v2\/posts\/8885\/revisions\/8887"}],"wp:attachment":[{"href":"https:\/\/blog.ilgiornale.it\/ruzzo\/wp-json\/wp\/v2\/media?parent=8885"}],"wp:term":[{"taxonomy":"category","embeddable":true,"href":"https:\/\/blog.ilgiornale.it\/ruzzo\/wp-json\/wp\/v2\/categories?post=8885"},{"taxonomy":"post_tag","embeddable":true,"href":"https:\/\/blog.ilgiornale.it\/ruzzo\/wp-json\/wp\/v2\/tags?post=8885"}],"curies":[{"name":"wp","href":"https:\/\/api.w.org\/{rel}","templated":true}]}}