{"id":8889,"date":"2013-06-23T20:44:44","date_gmt":"2013-06-23T18:44:44","guid":{"rendered":"https:\/\/blog.ilgiornale.it\/ruzzo\/?p=8889"},"modified":"2013-06-23T21:15:57","modified_gmt":"2013-06-23T19:15:57","slug":"valencia-la-pista-ciclabile-e-la-festa-di-san-juan","status":"publish","type":"post","link":"https:\/\/blog.ilgiornale.it\/ruzzo\/2013\/06\/23\/valencia-la-pista-ciclabile-e-la-festa-di-san-juan\/","title":{"rendered":"Valencia, la pista ciclabile e la festa di San Juan"},"content":{"rendered":"<p><a href=\"https:\/\/blog.ilgiornale.it\/ruzzo\/files\/2013\/06\/Immagine-4101.jpg\"><img loading=\"lazy\" class=\"alignleft size-thumbnail wp-image-8896\" src=\"https:\/\/blog.ilgiornale.it\/ruzzo\/files\/2013\/06\/Immagine-4101-150x150.jpg\" alt=\"\" width=\"150\" height=\"150\" \/><\/a><a href=\"https:\/\/blog.ilgiornale.it\/ruzzo\/files\/2013\/06\/Immagine-388.jpg\"><img loading=\"lazy\" class=\"alignleft size-thumbnail wp-image-8892\" src=\"https:\/\/blog.ilgiornale.it\/ruzzo\/files\/2013\/06\/Immagine-388-150x150.jpg\" alt=\"\" width=\"150\" height=\"150\" \/><\/a><a href=\"https:\/\/blog.ilgiornale.it\/ruzzo\/files\/2013\/06\/Immagine-399.jpg\"><img loading=\"lazy\" class=\"alignleft size-thumbnail wp-image-8897\" src=\"https:\/\/blog.ilgiornale.it\/ruzzo\/files\/2013\/06\/Immagine-399-150x150.jpg\" alt=\"\" width=\"150\" height=\"150\" \/><\/a>San Giovanni e&#8217; il patrono di Valencia. Ed e&#8217; festa grande sulla spiaggia della citt\u00e0 dove per assicurarsi le sue intercessioni pi\u00f9 o meno tutti fanno un tuffo in mare cercando di saltare sette onde. Cos\u00ec vuole la tradizione. Ma soprattutto cos\u00ec ci si diverte da queste parti. Baldoria fino a notte fonda tra fal\u00f2 e fiumi di cerveza. Ma non c&#8217;e&#8217; bisogno della festa del Santo. Arrivi a Valencia e capisci subito che aria tira. Citt\u00e0 viva e vivace e soprattutto piena di italiani. Non solo turisti. Segno che da queste parti si vive bene se chi arriva poi non riparte pi\u00f9. Un viavai infinito che porta verso il mare e verso il porto dove l&#8217;America&#8217;cup ha lasciato il segno e dove la barca piu piccola misura almeno venti metri. Non solo velisti pero&#8217;. Runner, pattinatori e ma soprattutto ciclisti che fanno sport e si divertono attraversando un parco che taglia in due Valencia. Era il letto del fiume che una volta bagnava la citt\u00e0 ed \u00e8 stata deviato perch\u00e9 evidentemente la bagnava troppo e qui si erano stufati di essere inondati. Cos\u00ec \u00e8 diventato una pista ciclabile naturale e fantastica che credo sia un valore aggiunto di quelli che non hanno prezzo. Il resto lo hanno fatto gli amministratori con una serie di strutture che consiglio vivamente all&#8217;assessore al traffico di Milano di venire a vedere e magari copiare. Cosi la pianta di &#8220;vendere&#8221; Milano come citta&#8217; ciclabile. Quindi si corre e soprattutto si pedala. Certo, il clima aiuta perch\u00e9 a queste latitudini gli inverni sono un&#8217;altra cosa e anche d&#8217;estate il caldo non \u00e8 quello afoso della Pianura Padana. E dopo una mezza giornata a spingere sulle pedivelle il giusto premio e&#8217; &#8220;la casa de los dulces&#8221; che non serve neppure tradurre ma \u00e8 il pi\u00f9 grande negozio di caramelle che abbia mai visto al mondo. C&#8217;\u00e8 di tutto e di pi\u00f9. In attesa ovviamente di sedersi a tavola per una paella, che si dovrebbe mangiare a mezzogiorno perch\u00e9 di sera e&#8217; solo quella scaldata per i turisti e una caraffa ghiacciata di San Miguel. Che non \u00e8 il patrono di Valencia ma che dopo una giornata al caldo e al sole e&#8217; quasi un biglietto per il paradiso.<\/p>\n","protected":false},"excerpt":{"rendered":"<p><p>San Giovanni e&#8217; il patrono di Valencia. Ed e&#8217; festa grande sulla spiaggia della citt\u00e0 dove per assicurarsi le sue intercessioni pi\u00f9 o meno tutti fanno un tuffo in mare cercando di saltare sette onde. Cos\u00ec vuole la tradizione. Ma soprattutto cos\u00ec ci si diverte da queste parti. Baldoria fino a notte fonda tra fal\u00f2 e fiumi di cerveza. Ma non c&#8217;e&#8217; bisogno della festa del Santo. Arrivi a Valencia e capisci subito che aria tira. Citt\u00e0 viva e vivace e soprattutto piena di italiani. Non solo turisti. Segno che da queste parti si vive bene se chi arriva poi [&hellip;]<\/p>\n&nbsp;&nbsp;<div class=\"readmore\"><a href=\"https:\/\/blog.ilgiornale.it\/ruzzo\/2013\/06\/23\/valencia-la-pista-ciclabile-e-la-festa-di-san-juan\/\">Continua a leggere...<\/a><\/div><\/p>","protected":false},"author":956,"featured_media":0,"comment_status":"open","ping_status":"closed","sticky":false,"template":"","format":"standard","meta":[],"categories":[1],"tags":[],"_links":{"self":[{"href":"https:\/\/blog.ilgiornale.it\/ruzzo\/wp-json\/wp\/v2\/posts\/8889"}],"collection":[{"href":"https:\/\/blog.ilgiornale.it\/ruzzo\/wp-json\/wp\/v2\/posts"}],"about":[{"href":"https:\/\/blog.ilgiornale.it\/ruzzo\/wp-json\/wp\/v2\/types\/post"}],"author":[{"embeddable":true,"href":"https:\/\/blog.ilgiornale.it\/ruzzo\/wp-json\/wp\/v2\/users\/956"}],"replies":[{"embeddable":true,"href":"https:\/\/blog.ilgiornale.it\/ruzzo\/wp-json\/wp\/v2\/comments?post=8889"}],"version-history":[{"count":5,"href":"https:\/\/blog.ilgiornale.it\/ruzzo\/wp-json\/wp\/v2\/posts\/8889\/revisions"}],"predecessor-version":[{"id":8898,"href":"https:\/\/blog.ilgiornale.it\/ruzzo\/wp-json\/wp\/v2\/posts\/8889\/revisions\/8898"}],"wp:attachment":[{"href":"https:\/\/blog.ilgiornale.it\/ruzzo\/wp-json\/wp\/v2\/media?parent=8889"}],"wp:term":[{"taxonomy":"category","embeddable":true,"href":"https:\/\/blog.ilgiornale.it\/ruzzo\/wp-json\/wp\/v2\/categories?post=8889"},{"taxonomy":"post_tag","embeddable":true,"href":"https:\/\/blog.ilgiornale.it\/ruzzo\/wp-json\/wp\/v2\/tags?post=8889"}],"curies":[{"name":"wp","href":"https:\/\/api.w.org\/{rel}","templated":true}]}}