{"id":8944,"date":"2013-06-30T17:35:53","date_gmt":"2013-06-30T15:35:53","guid":{"rendered":"https:\/\/blog.ilgiornale.it\/ruzzo\/?p=8944"},"modified":"2013-07-01T15:09:41","modified_gmt":"2013-07-01T13:09:41","slug":"maratona-dles-dolomites-eroi-per-un-giorno","status":"publish","type":"post","link":"https:\/\/blog.ilgiornale.it\/ruzzo\/2013\/06\/30\/maratona-dles-dolomites-eroi-per-un-giorno\/","title":{"rendered":"Maratona dles Dolomites&#8230;eroi per un giorno"},"content":{"rendered":"<p><a href=\"https:\/\/blog.ilgiornale.it\/ruzzo\/files\/2013\/06\/Billy-Where-are-you.jpg\"><img loading=\"lazy\" class=\"alignright size-medium wp-image-8947\" src=\"https:\/\/blog.ilgiornale.it\/ruzzo\/files\/2013\/06\/Billy-Where-are-you-300x200.jpg\" alt=\"\" width=\"300\" height=\"200\" srcset=\"https:\/\/blog.ilgiornale.it\/ruzzo\/files\/2013\/06\/Billy-Where-are-you-300x200.jpg 300w, https:\/\/blog.ilgiornale.it\/ruzzo\/files\/2013\/06\/Billy-Where-are-you.jpg 480w\" sizes=\"(max-width: 300px) 100vw, 300px\" \/><\/a>Sveglia alle quattro mi ha detto chi c&#8217;era. Come i gradi sul termometro fuori dall&#8217;albergo. E con la neve sulle montagne\u00a0non deve essere stata proprio una di quelle mattine in cui \u00e8 facile mettere i piedi fuori dal piumone. Ma per la <strong>maratona delle Dolomiti<\/strong> il sacrificio vale la candela. E chi \u00e8 riuscito dopo tanto patire a mettersi sulla schiena un pettorale che vale un terno al Lotto, a partire non rinuncia per nessuna ragione al mondo. Cos\u00ec dopo la colazione\u00a0 si va in griglia al buio, coperti come non mai, infreddoliti come non mai, emozionati come non mai. In\u00a0novemila a trattenere il fiato in attesa di partire. S\u00ec perch\u00e8 la Maratona dles Dolomites-Enel \u00e8\u00a0la regina delle Granfondo e si capisce dai dettagli che \u00e8 un evento ormai entrato nella tradizione del ciclismo di massa. Qui non importa vincere. Importa esserci e arrivare. Poter dire &#8220;io c&#8217;ero&#8221; diventa\u00a0una tacca da segnare sotto la sella della bici.\u00a0Oltre trentamila richieste ma solo novemila al via. Pochi ma non uno in pi\u00f9 perch\u00e8 qui la valle \u00e8 piccola e le regole di questa corsa sono queste. Non si sgarra. Prendere o lasciare questo \u00e8 il lasciapassare per sentisri\u00a0 eroi di giornata. E cos\u00ec che si costruisce un mito.\u00a0Che poi \u00e8 nella natura delle cose perch\u00e8 basta guardarsi attorno per\u00a0rendersi conto che da queste parti in bici sono state scritte pagine di storia.\u00a0 Sette passi dolomitici che viene la pelle d&#8217;oca solo a nominarli: Pordoi, Sella, Campolongo, Falzarego, Gardena, Valparola, Giau. Figurarsi a pedalarli, ad arrampicarsi s\u00f9 nel silenzio pi\u00f9 totale perch\u00e8 oggi qui di auto neanche l&#8217;ombra. Partenza da La Villa e arrivo a Corvara su tre percors\u00ec di 138 km, 106 km e e\u00a0di 55 km con un fiume infinito di bici che nelle riprese dell&#8217;licottero Rai sembrano formichine ordinate che salgono senza patire. E invece la fatica c&#8217;\u00e8 ed \u00e8 tanta perch\u00e8 la bici non fa sconti come mi hanno detto\u00a0un paio di settimane due di nonnetti che applaudivano sulla salita di Monte Scudo\u00a0durante il challenge di Rimini. Neppure ai vip che qui erano tanti ma hanno sudato\u00a0come gli altri: da\u00a0\u00a0<strong>Corrado Sciolla (British Telecom) a Mario Greco (Generali), Alessandro Garrone (ERG), Vittorio Colao (Vodafone), Rodolfo De Benedetti (CIR), Matteo Marzotto, Mauro Benetton, Alberto Sorbini (Enervit), Fausto Pinarello. Da Alex Zanardi, a Linus, a Fabrizio Ravanelli, Giovanni Bruno (Sky), Paolo Belli, Manfred M\u00f6lgg, Rossano Galtarossa, Antonio Rossi, Yuri Chechi a\u00a0\u00a0Maria Canins.\u00a0<\/strong>\u00a0Una lunga pedalata trasmessa in diretta dalle sei del mattino sulla rete tre della Rai. Con il patron <strong>Mikil Costa<\/strong> a far da padrone di casa e a spiegare il perch\u00e8 questa <strong>maratona delle Dolomiti<\/strong> \u00e8 diventata ci\u00f2 che \u00e8 diventata. Cio\u00e8 l&#8217;\u00a0oggetto del desiderio per il popolo delle due ruote che la insegue come fosse una chimera. Non c&#8217;entra il marketing. O meglio s\u00ec. Ma come si diceva prima \u00e8 nella natura delle cose, nella storia e nell&#8217;immensit\u00e0 di queste montagne che questa corsa insegna a rispettare. Non\u00a0c&#8217;\u00e8 spot che regga: basta guardarsi intorno.<\/p>\n","protected":false},"excerpt":{"rendered":"<p><p>Sveglia alle quattro mi ha detto chi c&#8217;era. Come i gradi sul termometro fuori dall&#8217;albergo. E con la neve sulle montagne\u00a0non deve essere stata proprio una di quelle mattine in cui \u00e8 facile mettere i piedi fuori dal piumone. Ma per la maratona delle Dolomiti il sacrificio vale la candela. E chi \u00e8 riuscito dopo tanto patire a mettersi sulla schiena un pettorale che vale un terno al Lotto, a partire non rinuncia per nessuna ragione al mondo. Cos\u00ec dopo la colazione\u00a0 si va in griglia al buio, coperti come non mai, infreddoliti come non mai, emozionati come non mai. [&hellip;]<\/p>\n&nbsp;&nbsp;<div class=\"readmore\"><a href=\"https:\/\/blog.ilgiornale.it\/ruzzo\/2013\/06\/30\/maratona-dles-dolomites-eroi-per-un-giorno\/\">Continua a leggere...<\/a><\/div><\/p>","protected":false},"author":956,"featured_media":0,"comment_status":"open","ping_status":"closed","sticky":false,"template":"","format":"standard","meta":[],"categories":[1],"tags":[],"_links":{"self":[{"href":"https:\/\/blog.ilgiornale.it\/ruzzo\/wp-json\/wp\/v2\/posts\/8944"}],"collection":[{"href":"https:\/\/blog.ilgiornale.it\/ruzzo\/wp-json\/wp\/v2\/posts"}],"about":[{"href":"https:\/\/blog.ilgiornale.it\/ruzzo\/wp-json\/wp\/v2\/types\/post"}],"author":[{"embeddable":true,"href":"https:\/\/blog.ilgiornale.it\/ruzzo\/wp-json\/wp\/v2\/users\/956"}],"replies":[{"embeddable":true,"href":"https:\/\/blog.ilgiornale.it\/ruzzo\/wp-json\/wp\/v2\/comments?post=8944"}],"version-history":[{"count":7,"href":"https:\/\/blog.ilgiornale.it\/ruzzo\/wp-json\/wp\/v2\/posts\/8944\/revisions"}],"predecessor-version":[{"id":8952,"href":"https:\/\/blog.ilgiornale.it\/ruzzo\/wp-json\/wp\/v2\/posts\/8944\/revisions\/8952"}],"wp:attachment":[{"href":"https:\/\/blog.ilgiornale.it\/ruzzo\/wp-json\/wp\/v2\/media?parent=8944"}],"wp:term":[{"taxonomy":"category","embeddable":true,"href":"https:\/\/blog.ilgiornale.it\/ruzzo\/wp-json\/wp\/v2\/categories?post=8944"},{"taxonomy":"post_tag","embeddable":true,"href":"https:\/\/blog.ilgiornale.it\/ruzzo\/wp-json\/wp\/v2\/tags?post=8944"}],"curies":[{"name":"wp","href":"https:\/\/api.w.org\/{rel}","templated":true}]}}