{"id":8965,"date":"2013-07-02T18:28:26","date_gmt":"2013-07-02T16:28:26","guid":{"rendered":"https:\/\/blog.ilgiornale.it\/ruzzo\/?p=8965"},"modified":"2013-07-09T16:47:23","modified_gmt":"2013-07-09T14:47:23","slug":"triathlon-di-milano-dai-navigli-al-castello","status":"publish","type":"post","link":"https:\/\/blog.ilgiornale.it\/ruzzo\/2013\/07\/02\/triathlon-di-milano-dai-navigli-al-castello\/","title":{"rendered":"Triathlon di Milano: dai Navigli al Castello"},"content":{"rendered":"<p><a href=\"https:\/\/blog.ilgiornale.it\/ruzzo\/files\/2013\/07\/5210518.jpg\"><img loading=\"lazy\" class=\"alignleft size-thumbnail wp-image-8970\" src=\"https:\/\/blog.ilgiornale.it\/ruzzo\/files\/2013\/07\/5210518-150x150.jpg\" alt=\"\" width=\"150\" height=\"150\" \/><\/a><a href=\"https:\/\/blog.ilgiornale.it\/ruzzo\/files\/2013\/07\/5211123.jpg\"><img loading=\"lazy\" class=\"alignleft size-thumbnail wp-image-8968\" src=\"https:\/\/blog.ilgiornale.it\/ruzzo\/files\/2013\/07\/5211123-150x150.jpg\" alt=\"\" width=\"150\" height=\"150\" \/><\/a><a href=\"https:\/\/blog.ilgiornale.it\/ruzzo\/files\/2013\/07\/5210509.jpg\"><img loading=\"lazy\" class=\"alignleft size-thumbnail wp-image-8969\" src=\"https:\/\/blog.ilgiornale.it\/ruzzo\/files\/2013\/07\/5210509-150x150.jpg\" alt=\"\" width=\"150\" height=\"150\" \/><\/a><\/p>\n<p>&nbsp;<\/p>\n<p>&nbsp;<\/p>\n<p>&nbsp;<\/p>\n<p>&nbsp;<\/p>\n<p>&nbsp;<\/p>\n<p>C\u2019\u00e8 un precedente, un paio di anni fa, ma quello che si svolger\u00e0 a Milano domenica 28 luglio organizzato dal <strong>Friesian Team<\/strong> \u00e8 di fatto il primo <strong>Triathlon \u00abCitt\u00e0 di Milano\u00bb<\/strong>. Una gara classica sulla distanza olimpica \u00e8 cio\u00e8 1500 metri a nuoto, 40 chilometri in bicicletta e gli ultimi 10 di corsa. Sar\u00e0 un evento che porter\u00e0 nella capitale della moda e del design gli atleti di una disciplina che si sta sempre pi\u00f9 diffondendo come gi\u00e0 avviene in altre grande citt\u00e0 come <strong>Barcellona<\/strong> o <strong>Zurigo,<\/strong> tanto per fare due esempi. E sar\u00e0 un festa di sport perch\u00e8 il triathlon in realt\u00e0 questo \u00e8: una miscela di discipline popolari e seguite da un grande numero di appassionati. \u00abAbbiamo avuto qualche difficolt\u00e0 nella scelta del bacino dove far nuotare gli atleti- spiegano gli organizzatori del<strong> Fresian team<\/strong> ma alla fine anche grazie alla disponibilit\u00e0 del Comune la soluzione \u00e8 stata trovata\u00bb. Dopo il no al <strong>Parco delle Cave,<\/strong> dove doveva disputarsi in origine la frazione di nuoto per un problema di balneabilit\u00e0 delle acque, la fase natatoria si svolger\u00e0 infatti nel Naviglio grande. \u00abL\u2019ultimo sopralluogo \u00e8 stato fatto oggi- spiegano gli organizzatori- e non dovrebbero esserci problemi\u00bb. Cos\u00ec la gara inizier\u00e0 in uno dei luoghi simbolo della citt\u00e0 e proseguir\u00e0 dopo i vari cambi fino al traguardo di <strong>piazza Castello.<\/strong> \u00c9 tutto pronto anche se alcuni dettagli restano da definire soprattutto nelle gare di contorno della manifestazione, quelle promozionali dedicate ai pi\u00f9 piccoli che erano state preparate negli spazi del <strong>Parco delle Cave.<\/strong> Cos\u00ec dopo il chilometro e mezzo di nuoto nel <strong>Naviglio Grande<\/strong> gli atleti saliranno in bici per sfidarsi sui 40 chilometri di circuito interamente cittadino che verr\u00e0 per l\u2019occasione transennato e chiuso alle auto. Nuovo cambio in zona Castello e ultima frazione di corsa all\u2019interno del <strong>Parco Sempione<\/strong> su un percorso da ripetere due o tre volte. \u00abDesideriamo ringraziare l\u2019assessore <strong>Chiara Bisconti<\/strong> e tutti i funzionari del <strong>Comune di Milano<\/strong> che, di fronte alla necessit\u00e0 di un cambiamento, si sono dimostrati disponibili e propositivi nel trovare una soluzione \u2013 ha commentato <strong>Marco Zaffaroni<\/strong> del <strong>Friesian Team<\/strong> \u2013 e questa collaborazione rappresenta un buon auspicio per <strong>Tri@MI<\/strong>, un evento che negli anni vorremmo che crescesse non solo in termini numerici ma anche sotto il profilo dell\u2019immagine\u00bb.<\/p>\n","protected":false},"excerpt":{"rendered":"<p><p>&nbsp; &nbsp; &nbsp; &nbsp; &nbsp; C\u2019\u00e8 un precedente, un paio di anni fa, ma quello che si svolger\u00e0 a Milano domenica 28 luglio organizzato dal Friesian Team \u00e8 di fatto il primo Triathlon \u00abCitt\u00e0 di Milano\u00bb. Una gara classica sulla distanza olimpica \u00e8 cio\u00e8 1500 metri a nuoto, 40 chilometri in bicicletta e gli ultimi 10 di corsa. Sar\u00e0 un evento che porter\u00e0 nella capitale della moda e del design gli atleti di una disciplina che si sta sempre pi\u00f9 diffondendo come gi\u00e0 avviene in altre grande citt\u00e0 come Barcellona o Zurigo, tanto per fare due esempi. E sar\u00e0 un [&hellip;]<\/p>\n&nbsp;&nbsp;<div class=\"readmore\"><a href=\"https:\/\/blog.ilgiornale.it\/ruzzo\/2013\/07\/02\/triathlon-di-milano-dai-navigli-al-castello\/\">Continua a leggere...<\/a><\/div><\/p>","protected":false},"author":956,"featured_media":0,"comment_status":"open","ping_status":"closed","sticky":false,"template":"","format":"standard","meta":[],"categories":[1],"tags":[8599,31975,31973,31974,31972],"_links":{"self":[{"href":"https:\/\/blog.ilgiornale.it\/ruzzo\/wp-json\/wp\/v2\/posts\/8965"}],"collection":[{"href":"https:\/\/blog.ilgiornale.it\/ruzzo\/wp-json\/wp\/v2\/posts"}],"about":[{"href":"https:\/\/blog.ilgiornale.it\/ruzzo\/wp-json\/wp\/v2\/types\/post"}],"author":[{"embeddable":true,"href":"https:\/\/blog.ilgiornale.it\/ruzzo\/wp-json\/wp\/v2\/users\/956"}],"replies":[{"embeddable":true,"href":"https:\/\/blog.ilgiornale.it\/ruzzo\/wp-json\/wp\/v2\/comments?post=8965"}],"version-history":[{"count":7,"href":"https:\/\/blog.ilgiornale.it\/ruzzo\/wp-json\/wp\/v2\/posts\/8965\/revisions"}],"predecessor-version":[{"id":9009,"href":"https:\/\/blog.ilgiornale.it\/ruzzo\/wp-json\/wp\/v2\/posts\/8965\/revisions\/9009"}],"wp:attachment":[{"href":"https:\/\/blog.ilgiornale.it\/ruzzo\/wp-json\/wp\/v2\/media?parent=8965"}],"wp:term":[{"taxonomy":"category","embeddable":true,"href":"https:\/\/blog.ilgiornale.it\/ruzzo\/wp-json\/wp\/v2\/categories?post=8965"},{"taxonomy":"post_tag","embeddable":true,"href":"https:\/\/blog.ilgiornale.it\/ruzzo\/wp-json\/wp\/v2\/tags?post=8965"}],"curies":[{"name":"wp","href":"https:\/\/api.w.org\/{rel}","templated":true}]}}