{"id":9023,"date":"2013-07-11T17:51:08","date_gmt":"2013-07-11T15:51:08","guid":{"rendered":"https:\/\/blog.ilgiornale.it\/ruzzo\/?p=9023"},"modified":"2013-07-11T17:51:08","modified_gmt":"2013-07-11T15:51:08","slug":"tour-ai-francesi-scappa-la-pipi","status":"publish","type":"post","link":"https:\/\/blog.ilgiornale.it\/ruzzo\/2013\/07\/11\/tour-ai-francesi-scappa-la-pipi\/","title":{"rendered":"Tour, ai francesi scappa la pip\u00ec&#8230;"},"content":{"rendered":"<p>[youtube 8x3SPiBkBgo]<\/p>\n<p>Per la prima volta oggi mi \u00e8 dispiaciuto che non abbia vinto\u00a0<strong>Mark Cavendish.<\/strong> In volata \u00e8 il pi\u00f9 forte e per questo credo sia anche un po&#8217; antipatico. E&#8217; il prezzo che si deve pagare quando si ha una marcia in pi\u00f9. Tante marce in pi\u00f9. Cos\u00ec ogni volta che c&#8217;\u00e8 uno sprint al <strong>Giro<\/strong> o al<strong> Tour<\/strong> in tanti credo facciano il tifo per gli altri. I pi\u00f9 deboli. Oggi per\u00f2 a Tours volevo vincesse l&#8217;inglese per quello che gli \u00e8 successo ieri.\u00a0 Per dare una lezione a quel gruppo di fancesi che ieri nella crono gli ha tirato addosso una busta piena di pip\u00ec. Una vera vigliaccata che sa poco di ciclismo dove non\u00a0\u00e8 che \u00a0tifosi\u00a0 siano delle mammolette \u00a0ma\u00a0 dove la cultura dell&#8217;insulto\u00a0fortunatamente non esiste\u00a0\u00a0perch\u00e8\u00a0 \u00e8 sacro il rispetto della fatica. Ma questo pi\u00f9 che un dispetto mi sembra uno sfregio ad un atleta\u00a0ed \u00e8 una deriva non \u00a0da Tour.\u00a0Che \u00e8 un&#8217;altra cosa, che \u00e8 un&#8217;altra storia e un&#8217;altra letteratura che nulla c&#8217;entra con un gruppo di\u00a0francesi stupidi e probabilmente ubriachi. Cos\u00ec\u00a0mi piace\u00a0chiudere con questo video\u00a0di\u00a0<strong>Remy Gaillard<\/strong>, un noto regista francese, che si \u00e8 divertito a prendere simpaticamente per i fondelli degli ignari ciclisti che stavano per fatti loro scalando una salita\u00a0a Saint Martin de Trevieres. Anche qui scappa la pip\u00ec&#8230;ma dal ridere<\/p>\n","protected":false},"excerpt":{"rendered":"<p><p>[youtube 8x3SPiBkBgo] Per la prima volta oggi mi \u00e8 dispiaciuto che non abbia vinto\u00a0Mark Cavendish. In volata \u00e8 il pi\u00f9 forte e per questo credo sia anche un po&#8217; antipatico. E&#8217; il prezzo che si deve pagare quando si ha una marcia in pi\u00f9. Tante marce in pi\u00f9. Cos\u00ec ogni volta che c&#8217;\u00e8 uno sprint al Giro o al Tour in tanti credo facciano il tifo per gli altri. I pi\u00f9 deboli. Oggi per\u00f2 a Tours volevo vincesse l&#8217;inglese per quello che gli \u00e8 successo ieri.\u00a0 Per dare una lezione a quel gruppo di fancesi che ieri nella crono gli [&hellip;]<\/p>\n&nbsp;&nbsp;<div class=\"readmore\"><a href=\"https:\/\/blog.ilgiornale.it\/ruzzo\/2013\/07\/11\/tour-ai-francesi-scappa-la-pipi\/\">Continua a leggere...<\/a><\/div><\/p>","protected":false},"author":956,"featured_media":0,"comment_status":"open","ping_status":"closed","sticky":false,"template":"","format":"standard","meta":[],"categories":[1],"tags":[],"_links":{"self":[{"href":"https:\/\/blog.ilgiornale.it\/ruzzo\/wp-json\/wp\/v2\/posts\/9023"}],"collection":[{"href":"https:\/\/blog.ilgiornale.it\/ruzzo\/wp-json\/wp\/v2\/posts"}],"about":[{"href":"https:\/\/blog.ilgiornale.it\/ruzzo\/wp-json\/wp\/v2\/types\/post"}],"author":[{"embeddable":true,"href":"https:\/\/blog.ilgiornale.it\/ruzzo\/wp-json\/wp\/v2\/users\/956"}],"replies":[{"embeddable":true,"href":"https:\/\/blog.ilgiornale.it\/ruzzo\/wp-json\/wp\/v2\/comments?post=9023"}],"version-history":[{"count":3,"href":"https:\/\/blog.ilgiornale.it\/ruzzo\/wp-json\/wp\/v2\/posts\/9023\/revisions"}],"predecessor-version":[{"id":9026,"href":"https:\/\/blog.ilgiornale.it\/ruzzo\/wp-json\/wp\/v2\/posts\/9023\/revisions\/9026"}],"wp:attachment":[{"href":"https:\/\/blog.ilgiornale.it\/ruzzo\/wp-json\/wp\/v2\/media?parent=9023"}],"wp:term":[{"taxonomy":"category","embeddable":true,"href":"https:\/\/blog.ilgiornale.it\/ruzzo\/wp-json\/wp\/v2\/categories?post=9023"},{"taxonomy":"post_tag","embeddable":true,"href":"https:\/\/blog.ilgiornale.it\/ruzzo\/wp-json\/wp\/v2\/tags?post=9023"}],"curies":[{"name":"wp","href":"https:\/\/api.w.org\/{rel}","templated":true}]}}