{"id":9543,"date":"2013-09-05T19:30:29","date_gmt":"2013-09-05T17:30:29","guid":{"rendered":"https:\/\/blog.ilgiornale.it\/ruzzo\/?p=9543"},"modified":"2013-09-05T20:34:46","modified_gmt":"2013-09-05T18:34:46","slug":"mondiali-di-triathlon-a-londra-ecco-gli-azzurri","status":"publish","type":"post","link":"https:\/\/blog.ilgiornale.it\/ruzzo\/2013\/09\/05\/mondiali-di-triathlon-a-londra-ecco-gli-azzurri\/","title":{"rendered":"Mondiali di Triathlon a Londra: ecco gli azzurri"},"content":{"rendered":"<p><a href=\"https:\/\/blog.ilgiornale.it\/ruzzo\/files\/2013\/09\/ITUWChampMixedRelayHamburg2013_Italy.jpg\"><img loading=\"lazy\" class=\"alignleft size-medium wp-image-9549\" src=\"https:\/\/blog.ilgiornale.it\/ruzzo\/files\/2013\/09\/ITUWChampMixedRelayHamburg2013_Italy-300x222.jpg\" alt=\"\" width=\"300\" height=\"222\" \/><\/a>Il triathlon cresce.\u00a0 Cresce perch\u00e8 c&#8217;\u00e8 un sacco di gente nuova che se ne sta innamorando e cresce perch\u00e8 tra\u00a0gli azzurri ci sono atleti forti che se la giocano. Cos\u00ec il prossimo <strong>Campionato del Mondo e Gran Final di Triathlon Olimpico<\/strong>\u00a0in programma\u00a0dall\u201911 al 15 stettembre a Londra\u00a0 non sar\u00e0 per la nostra nazionale un atto di presenza.\u00a0 Insomma ci siamo.\u00a0 Ci siamo con la nostra punta di diamante il carabiniere padovano <strong>Alessandro Fabian<\/strong>,\u00a0 ma anche con\u00a0<strong>Davide Uccellari<\/strong> ( Fiamme azzurre) <strong>Andrea De Ponti<\/strong> ( Friesian Team), <strong>Anna Maria Mazzetti<\/strong>\u00a0e\u00a0\u00a0<strong>Alice Betto<\/strong> ( Fiamme Oro) , <strong>Charlotte Bonin<\/strong> (GS.Fiamme Azzurre) con la giovane <strong>Angelica Olmo<\/strong> (Pianeta Acqua) ed nel Paratriathlon con <strong>Michele Ferrarin<\/strong> (Berner Zerowind). Questa mattina nell&#8217;aula Magna del Palazzo del Coni lombardo \u00a0in via Piranesi a Milano c&#8217;erano un po&#8217; tutti a benededire questa spedizione azzurra, per fare gli auguri incrociando ovviamente le dita. Un&#8217;avventura\u00a0ben coperta dalle telecamere di <strong>Sky<\/strong> che dedicher\u00e0 ai <strong>Mondiali <\/strong>le sintesi che andranno in onda domenica 22 settembre ore 18.00 Sky Sport 2 HD, luned\u00ec 23 alle ore 20.00 e gioved\u00ec 26 settembre alle 23.00.\u00a0 Un&#8217;avventura con un bel retrogusto olimpico visto che da queste parti poco\u00a0pi\u00f9 di un anno fa si gareggiava per le medaglie pesanti su un tracciato da leccarsi i baffi:\u00a0 1500m a nuoto nel laghetto di <strong>Hyde Park,<\/strong> 40 km di ciclismo lungo il centro cittadino da <strong>Trafalgar<\/strong> ai punti pi\u00f9 suggestivi della citt\u00e0 ed infine gli\u00a0 ultimi 10km di corsa\u00a0col traguardo sempre ad Hyde Park. Una passerella che vale un campionato del mondo che si spera possa colorarsi anche un po&#8217; di azzurro. E dopo\u00a0i successi raccolti con gli Europei di a giugno ad <strong>Alanya<\/strong> in <strong>Turchia,<\/strong> dove <strong>Alessandro Fabian<\/strong> ha vinto la medaglia d\u2019argento elite, la squadra azzurra con <strong>Fabian, Uccellari, Mazzetti ed Alice Betto<\/strong> ha conquistato il bronzo di staffetta e l\u2019esordiente <strong>Angelica Olmo<\/strong> ha vinto il bronzo junior i presupposti ci sono.\u00a0\u00a0&#8220;Complimenti a questa federazione \u2013 ha detto l\u2019assessore allo sport della regione Lombardia <strong>Antonio Rossi<\/strong> \u2013 che sta avanzando con successi e soprattutto con una visibile crescita della sua attivit\u00e0\u201d. Tutto vero. Tutto confermato dai numeri di una disciplina che sta crescendo tantissimo a livello amatoriale. E non solo perch\u00e8 il sudore e la fatica cominciano\u00a0 diventare di moda.\u00a0 Ci sono progetti e c&#8217;\u00e8\u00a0 una logicache \u00a0paga. &#8221; Un gioco di squadra\u00a0\u00a0indispensabile- ha spiegato il presidente della<strong> Fitri Luigi Bianchi-<\/strong> I nostri vertici federali, i nostri atleti e tecnici, gli sponsor <strong>Arena, Brooks, Briko e Keforma<\/strong> che condividono con noi il lungo percorso olimpico, i Gruppi Sportivi Militari che sono fondamentale sostegno per l\u2019attivit\u00e0 elite, la base con i giovani, tutta questa \u00e8 la nostra forza. Quest\u2019anno, al mio primo mandato, ho avuto gi\u00e0 la fortuna\u00a0 di ottenere \u00a0risultati prestigiosi a livello europeo, mi auguro che ne vengano di ulteriori. Vincere non \u00e8 un\u2019opportunit\u00e0 ma \u00e8 una scelta e proprio per questa scelta lavoriamo in questa direzione&#8221;.\u00a0\u00a0 In bocca al lupo.<\/p>\n","protected":false},"excerpt":{"rendered":"<p><p>Il triathlon cresce.\u00a0 Cresce perch\u00e8 c&#8217;\u00e8 un sacco di gente nuova che se ne sta innamorando e cresce perch\u00e8 tra\u00a0gli azzurri ci sono atleti forti che se la giocano. Cos\u00ec il prossimo Campionato del Mondo e Gran Final di Triathlon Olimpico\u00a0in programma\u00a0dall\u201911 al 15 stettembre a Londra\u00a0 non sar\u00e0 per la nostra nazionale un atto di presenza.\u00a0 Insomma ci siamo.\u00a0 Ci siamo con la nostra punta di diamante il carabiniere padovano Alessandro Fabian,\u00a0 ma anche con\u00a0Davide Uccellari ( Fiamme azzurre) Andrea De Ponti ( Friesian Team), Anna Maria Mazzetti\u00a0e\u00a0\u00a0Alice Betto ( Fiamme Oro) , Charlotte Bonin (GS.Fiamme Azzurre) con la [&hellip;]<\/p>\n&nbsp;&nbsp;<div class=\"readmore\"><a href=\"https:\/\/blog.ilgiornale.it\/ruzzo\/2013\/09\/05\/mondiali-di-triathlon-a-londra-ecco-gli-azzurri\/\">Continua a leggere...<\/a><\/div><\/p>","protected":false},"author":956,"featured_media":0,"comment_status":"open","ping_status":"closed","sticky":false,"template":"","format":"standard","meta":[],"categories":[1],"tags":[36197,8668,8667,11324,36199],"_links":{"self":[{"href":"https:\/\/blog.ilgiornale.it\/ruzzo\/wp-json\/wp\/v2\/posts\/9543"}],"collection":[{"href":"https:\/\/blog.ilgiornale.it\/ruzzo\/wp-json\/wp\/v2\/posts"}],"about":[{"href":"https:\/\/blog.ilgiornale.it\/ruzzo\/wp-json\/wp\/v2\/types\/post"}],"author":[{"embeddable":true,"href":"https:\/\/blog.ilgiornale.it\/ruzzo\/wp-json\/wp\/v2\/users\/956"}],"replies":[{"embeddable":true,"href":"https:\/\/blog.ilgiornale.it\/ruzzo\/wp-json\/wp\/v2\/comments?post=9543"}],"version-history":[{"count":10,"href":"https:\/\/blog.ilgiornale.it\/ruzzo\/wp-json\/wp\/v2\/posts\/9543\/revisions"}],"predecessor-version":[{"id":9548,"href":"https:\/\/blog.ilgiornale.it\/ruzzo\/wp-json\/wp\/v2\/posts\/9543\/revisions\/9548"}],"wp:attachment":[{"href":"https:\/\/blog.ilgiornale.it\/ruzzo\/wp-json\/wp\/v2\/media?parent=9543"}],"wp:term":[{"taxonomy":"category","embeddable":true,"href":"https:\/\/blog.ilgiornale.it\/ruzzo\/wp-json\/wp\/v2\/categories?post=9543"},{"taxonomy":"post_tag","embeddable":true,"href":"https:\/\/blog.ilgiornale.it\/ruzzo\/wp-json\/wp\/v2\/tags?post=9543"}],"curies":[{"name":"wp","href":"https:\/\/api.w.org\/{rel}","templated":true}]}}