{"id":9560,"date":"2013-09-11T20:29:51","date_gmt":"2013-09-11T18:29:51","guid":{"rendered":"https:\/\/blog.ilgiornale.it\/ruzzo\/?p=9560"},"modified":"2013-09-11T20:59:57","modified_gmt":"2013-09-11T18:59:57","slug":"valeria-straneo-madrina-della-mezza-di-bergamo","status":"publish","type":"post","link":"https:\/\/blog.ilgiornale.it\/ruzzo\/2013\/09\/11\/valeria-straneo-madrina-della-mezza-di-bergamo\/","title":{"rendered":"Valeria Straneo madrina  della mezza di Bergamo"},"content":{"rendered":"<p><a href=\"https:\/\/blog.ilgiornale.it\/ruzzo\/files\/2013\/09\/valeria-straneo.jpg\"><img loading=\"lazy\" class=\"alignleft size-medium wp-image-9602\" src=\"https:\/\/blog.ilgiornale.it\/ruzzo\/files\/2013\/09\/valeria-straneo-300x190.jpg\" alt=\"\" width=\"300\" height=\"190\" srcset=\"https:\/\/blog.ilgiornale.it\/ruzzo\/files\/2013\/09\/valeria-straneo-300x190.jpg 300w, https:\/\/blog.ilgiornale.it\/ruzzo\/files\/2013\/09\/valeria-straneo.jpg 1000w\" sizes=\"(max-width: 300px) 100vw, 300px\" \/><\/a>&#8220;Non potr\u00f2 correre ma sar\u00f2 idealmente al fianco dei mille podisti in gara\u00bb . <strong>Valeria Straneo<\/strong>, medaglia d\u2019argento ai mondiali di atletica di Mosca sar\u00e0 a Bergamo per dare il via alla mezza maratona in programma il 29 settembre. Non correr\u00e0 e quindi far\u00e0 la madrina in attesa della sua prossima sfida. Ha aperto i\u00a0 Mondiali di\u00a0 con un incredibile\u00a0 argento nella maratona femminile e\u00a0ora per la 37enne podista piemontese si profila la seconda parte della stagione con una gara autunnale di grande rilievo. E prorpio in previsione dei suoi impegni agonistici il direttore tecnico della <strong>Mezza Maratona di Bergamo Migidio Bourifa<\/strong>, le ha proposto la gara orobica come tappa di avvicinamento al momento clou della sua programmazione. &#8220;Non posso correre- ha spiegato la <strong>Straneo<\/strong>&#8211; perch\u00e9 il mio piano prevede altri appuntamenti agonistici a inizio ottobre ma sono felice di essere a fianco di Migidio nella prima edizione di una gara che certamente avr\u00e0 un grande futuro\u00bb. Cos\u00ec la prima la prima edizione della<strong> Bergamo HalfMarathon<\/strong>\u00a0 parte sotto i migliori auspici: &#8220;Ringraziamo Valeria per aver accettato il nostro invito: la sua presenza dar\u00e0 lustro alla competizione- ha commentato <strong>Giovanni Bettineschi <\/strong>di<strong> Promoeventi Sport.<\/strong> Sar\u00e0 l\u2019occasione per molti tifosi e naturalmente tifose che si riconoscono in lei, per incontrarla e chiedere un autografo \u201cmondiale\u201d\u00a0 Inanto procede a pieno regime il lavoro organizzativo e di promozione della gara che si \u00e8 posta l\u2019obbiettivo di schierare mille runner alla prima edizione. \u00abE\u2019 un traguardo ambizioso ma l\u2019andamento delle iscrizioni ci conforta sul risultato finale- spiega l&#8217;organizzatore\u00a0\u00a0<strong>Luca Lamera<\/strong>\u00a0&#8211; La pagina iscrizioni \u00e8 sempre attiva, sia quella relativa alla partecipazione singola che l\u2019iscrizione delle staffette composte da 3 runner legate al charity program che destina parte del ricavato delle iscrizioni a sei ONLUS italiane che avranno uno spazio specifico nell\u2019area espositiva in zona arrivo&#8221; <a href=\"http:\/\/www.lamezzadibergamo.it\/\">http:\/\/www.lamezzadibergamo.it\/<\/a><\/p>\n","protected":false},"excerpt":{"rendered":"<p><p>&#8220;Non potr\u00f2 correre ma sar\u00f2 idealmente al fianco dei mille podisti in gara\u00bb . Valeria Straneo, medaglia d\u2019argento ai mondiali di atletica di Mosca sar\u00e0 a Bergamo per dare il via alla mezza maratona in programma il 29 settembre. Non correr\u00e0 e quindi far\u00e0 la madrina in attesa della sua prossima sfida. Ha aperto i\u00a0 Mondiali di\u00a0 con un incredibile\u00a0 argento nella maratona femminile e\u00a0ora per la 37enne podista piemontese si profila la seconda parte della stagione con una gara autunnale di grande rilievo. E prorpio in previsione dei suoi impegni agonistici il direttore tecnico della Mezza Maratona di Bergamo [&hellip;]<\/p>\n&nbsp;&nbsp;<div class=\"readmore\"><a href=\"https:\/\/blog.ilgiornale.it\/ruzzo\/2013\/09\/11\/valeria-straneo-madrina-della-mezza-di-bergamo\/\">Continua a leggere...<\/a><\/div><\/p>","protected":false},"author":956,"featured_media":0,"comment_status":"open","ping_status":"closed","sticky":false,"template":"","format":"standard","meta":[],"categories":[1],"tags":[36217,36214,36215,36216,11175],"_links":{"self":[{"href":"https:\/\/blog.ilgiornale.it\/ruzzo\/wp-json\/wp\/v2\/posts\/9560"}],"collection":[{"href":"https:\/\/blog.ilgiornale.it\/ruzzo\/wp-json\/wp\/v2\/posts"}],"about":[{"href":"https:\/\/blog.ilgiornale.it\/ruzzo\/wp-json\/wp\/v2\/types\/post"}],"author":[{"embeddable":true,"href":"https:\/\/blog.ilgiornale.it\/ruzzo\/wp-json\/wp\/v2\/users\/956"}],"replies":[{"embeddable":true,"href":"https:\/\/blog.ilgiornale.it\/ruzzo\/wp-json\/wp\/v2\/comments?post=9560"}],"version-history":[{"count":7,"href":"https:\/\/blog.ilgiornale.it\/ruzzo\/wp-json\/wp\/v2\/posts\/9560\/revisions"}],"predecessor-version":[{"id":9599,"href":"https:\/\/blog.ilgiornale.it\/ruzzo\/wp-json\/wp\/v2\/posts\/9560\/revisions\/9599"}],"wp:attachment":[{"href":"https:\/\/blog.ilgiornale.it\/ruzzo\/wp-json\/wp\/v2\/media?parent=9560"}],"wp:term":[{"taxonomy":"category","embeddable":true,"href":"https:\/\/blog.ilgiornale.it\/ruzzo\/wp-json\/wp\/v2\/categories?post=9560"},{"taxonomy":"post_tag","embeddable":true,"href":"https:\/\/blog.ilgiornale.it\/ruzzo\/wp-json\/wp\/v2\/tags?post=9560"}],"curies":[{"name":"wp","href":"https:\/\/api.w.org\/{rel}","templated":true}]}}