{"id":122,"date":"2013-01-15T15:26:56","date_gmt":"2013-01-15T15:26:56","guid":{"rendered":"https:\/\/blog.ilgiornale.it\/sacchelli\/?p=122"},"modified":"2013-01-15T15:45:36","modified_gmt":"2013-01-15T15:45:36","slug":"prima-legge-sulle-armi-dopo-newtown","status":"publish","type":"post","link":"https:\/\/blog.ilgiornale.it\/sacchelli\/2013\/01\/15\/prima-legge-sulle-armi-dopo-newtown\/","title":{"rendered":"Braccio di ferro sulle armi"},"content":{"rendered":"<p><a href=\"https:\/\/blog.ilgiornale.it\/sacchelli\/files\/2013\/01\/armi_assalto.jpg\"><img loading=\"lazy\" class=\"alignleft size-medium wp-image-123\" src=\"https:\/\/blog.ilgiornale.it\/sacchelli\/files\/2013\/01\/armi_assalto-300x224.jpg\" alt=\"\" width=\"300\" height=\"224\" srcset=\"https:\/\/blog.ilgiornale.it\/sacchelli\/files\/2013\/01\/armi_assalto-300x224.jpg 300w, https:\/\/blog.ilgiornale.it\/sacchelli\/files\/2013\/01\/armi_assalto.jpg 370w\" sizes=\"(max-width: 300px) 100vw, 300px\" \/><\/a>Secondo un sondaggio di <strong><a href=\"http:\/\/www.washingtonpost.com\/politics\/obama-says-hell-offer-plans-to-stem-gun-violence-this-week\/2013\/01\/14\/b7ad8ea8-5e6c-11e2-90a0-73c8343c6d61_story.html\" target=\"_blank\">Washington Post-Abc News<\/a><\/strong>, il 52% degli americani considera necessario avere leggi pi\u00f9 restrittive sulle armi. La maggioranza \u00e8 anche preoccupata che una sparatoria possa avvenire nella propria comunit\u00e0, e lo \u00e8 soprattutto (65%) chi ha bambini. Il primo stato a intervenire \u00e8 quello di <strong>New York<\/strong>, con una legge che inasprisce le regole, vietando ai malati di mente di acquistare armi,\u00a0proibendo la vendita <em>online<\/em> di quelle d\u2019assalto e riducendo la capacit\u00e0 dei caricatori da dieci a sette proiettili.<\/p>\n<p>Oltre a New York anche il Maryland sta legiferando in materia. <em>&#8220;Questa \u00e8 una piaga della societ\u00e0&#8221;, ha detto il governatore <strong>Andrew Cuomo<\/strong> (democratico), che ha aggiunto: &#8220;A cosa si deve arrivare per dire basta con la perdita di vite innocenti? \u00c8 ora di agire&#8221;<\/em>. &#8220;<em>Non si tratta di privare qualcuno dei propri diritti &#8211; ha commentato il senatore democratico del Bronx, Jeffrey Klein &#8211; \u00e8 una questione di societ\u00e0 sicura. Oggi diamo un esempio al resto del Paese per fare ci\u00f2 che \u00e8 giusto&#8221;.<\/em><\/p>\n<p>Anche se ciascuno stato \u00e8 libero di legiferare in materia, <strong>Obama<\/strong> vuole prendere in mano la situazione agendo in prima persona per ridurre la circolazione delle armi.\u00a0 Sono stati identificati 19 ordini esecutivi con cui il presidente potr\u00e0 muoversi, senza bisogno del Congresso, per aumentare il controllo sulle armi. La scelta di agire attraverso l&#8217;ordine esecutivo \u00e8 una prova di forza, ma al contempo evidenzia la difficolt\u00e0 di Obama &#8211; e dei democratici &#8211; di trovare un accordo con i repubblicani, che alla Camera hanno la maggioranza.<\/p>\n<p>David Keene, il presidente della <strong><a href=\"http:\/\/home.nra.org\/\" target=\"_blank\">National Rifle Association<\/a><\/strong> (NRA), si \u00e8 detto &#8220;convinto che una proposta dell\u2019amministrazione Obama volta a vietare la vendita delle armi di assalto non potr\u00e0 passare in Congresso&#8221;. Secondo quanto scrive il <em>New York Times<\/em>, il &#8220;pacchetto Biden&#8221; contiene una vasta serie di misure che arriva a considerare anche la violenza nei videogame e nei film, o carenze nel trattamento delle malattie mentali, ma un accordo bipartisan al momento sembra in effetti esserci solo su un giro di vite nei controlli preventivi.<\/p>\n<p>Intanto\u00a0 il 19 gennaio \u00e8 stata proclamata la &#8220;<strong><a href=\"http:\/\/gunappreciationday.com\/\" target=\"_blank\">Gun Appreciation Day<\/a><\/strong>&#8221; (Giornata per le Armi). Cadr\u00e0 due giorni prima del giuramento di Obama per il suo secondo<br \/>\nmandato, e poco pi\u00f9 di un mese dopo la strage nella scuola elementare Sandy Hook. Si tratta dell\u2019iniziativa di un gruppo di Washington che vuole difendere le armi: <em>&#8220;Se l\u2019essere costituzionalista \u00e8 una posizione estrema &#8211; ha detto alla Cnn Larry Ward, uno dei promotori &#8211; ebbene che lo sia&#8221;<\/em>. Ed ha aggiunto: <em>&#8220;Se i neri avessero avuto le armi, la schiavit\u00f9 non sarebbe mai esistita&#8221;.<\/em> Sul sito del &#8220;Gun Appreciation Day&#8221; si invitano tutti i sostenitori del diritto alle armi ad andare ad acquistare<br \/>\narmi da fuoco e a recarsi nei poligoni di tiro, mentre oltre una decina di associazioni pro armi, tra cui la <strong><a href=\"http:\/\/www.saf.org\/\" target=\"_blank\">Second Amendment Foundation<\/a><\/strong> e la <strong><a href=\"http:\/\/www.ccrkba.org\/\" target=\"_blank\">Citizen Committee for the Right to Keep and Bear Arms<\/a><\/strong> stanno incoraggiando i loro adepti a seguire lo stesso esempio.<\/p>\n<p>&nbsp;<\/p>\n","protected":false},"excerpt":{"rendered":"<p><p>Secondo un sondaggio di Washington Post-Abc News, il 52% degli americani considera necessario avere leggi pi\u00f9 restrittive sulle armi. La maggioranza \u00e8 anche preoccupata che una sparatoria possa avvenire nella propria comunit\u00e0, e lo \u00e8 soprattutto (65%) chi ha bambini. Il primo stato a intervenire \u00e8 quello di New York, con una legge che inasprisce le regole, vietando ai malati di mente di acquistare armi,\u00a0proibendo la vendita online di quelle d\u2019assalto e riducendo la capacit\u00e0 dei caricatori da dieci a sette proiettili. Oltre a New York anche il Maryland sta legiferando in materia. &#8220;Questa \u00e8 una piaga della societ\u00e0&#8221;, ha [&hellip;]<\/p>\n&nbsp;&nbsp;<div class=\"readmore\"><a href=\"https:\/\/blog.ilgiornale.it\/sacchelli\/2013\/01\/15\/prima-legge-sulle-armi-dopo-newtown\/\">Continua a leggere...<\/a><\/div><\/p>","protected":false},"author":1011,"featured_media":0,"comment_status":"open","ping_status":"closed","sticky":false,"template":"","format":"standard","meta":[],"categories":[64],"tags":[18569,18534,18567,18568],"_links":{"self":[{"href":"https:\/\/blog.ilgiornale.it\/sacchelli\/wp-json\/wp\/v2\/posts\/122"}],"collection":[{"href":"https:\/\/blog.ilgiornale.it\/sacchelli\/wp-json\/wp\/v2\/posts"}],"about":[{"href":"https:\/\/blog.ilgiornale.it\/sacchelli\/wp-json\/wp\/v2\/types\/post"}],"author":[{"embeddable":true,"href":"https:\/\/blog.ilgiornale.it\/sacchelli\/wp-json\/wp\/v2\/users\/1011"}],"replies":[{"embeddable":true,"href":"https:\/\/blog.ilgiornale.it\/sacchelli\/wp-json\/wp\/v2\/comments?post=122"}],"version-history":[{"count":5,"href":"https:\/\/blog.ilgiornale.it\/sacchelli\/wp-json\/wp\/v2\/posts\/122\/revisions"}],"predecessor-version":[{"id":127,"href":"https:\/\/blog.ilgiornale.it\/sacchelli\/wp-json\/wp\/v2\/posts\/122\/revisions\/127"}],"wp:attachment":[{"href":"https:\/\/blog.ilgiornale.it\/sacchelli\/wp-json\/wp\/v2\/media?parent=122"}],"wp:term":[{"taxonomy":"category","embeddable":true,"href":"https:\/\/blog.ilgiornale.it\/sacchelli\/wp-json\/wp\/v2\/categories?post=122"},{"taxonomy":"post_tag","embeddable":true,"href":"https:\/\/blog.ilgiornale.it\/sacchelli\/wp-json\/wp\/v2\/tags?post=122"}],"curies":[{"name":"wp","href":"https:\/\/api.w.org\/{rel}","templated":true}]}}