{"id":1285,"date":"2013-12-06T11:25:00","date_gmt":"2013-12-06T11:25:00","guid":{"rendered":"https:\/\/blog.ilgiornale.it\/sacchelli\/?p=1285"},"modified":"2013-12-06T12:44:57","modified_gmt":"2013-12-06T12:44:57","slug":"da-bush-a-obama-lamerica-piange-mandela","status":"publish","type":"post","link":"https:\/\/blog.ilgiornale.it\/sacchelli\/2013\/12\/06\/da-bush-a-obama-lamerica-piange-mandela\/","title":{"rendered":"Da Bush a Obama: l&#8217;America piange Mandela"},"content":{"rendered":"<p><a href=\"https:\/\/blog.ilgiornale.it\/sacchelli\/files\/2013\/12\/Mandela_MIchelle_Obama.jpg\"><img loading=\"lazy\" class=\"alignleft size-medium wp-image-1289\" src=\"https:\/\/blog.ilgiornale.it\/sacchelli\/files\/2013\/12\/Mandela_MIchelle_Obama-300x200.jpg\" alt=\"\" width=\"300\" height=\"200\" srcset=\"https:\/\/blog.ilgiornale.it\/sacchelli\/files\/2013\/12\/Mandela_MIchelle_Obama-300x200.jpg 300w, https:\/\/blog.ilgiornale.it\/sacchelli\/files\/2013\/12\/Mandela_MIchelle_Obama-1024x683.jpg 1024w\" sizes=\"(max-width: 300px) 100vw, 300px\" \/><\/a>Gli Stati Uniti si stringono nel ricordo di Nelson Mandela, eroe della libert\u00e0. Repubblicani e democratici sono uniti nel rendere omaggio a Madiba, protagonista assoluto della lotta contro l&#8217;abominio dell&#8217;apartheid. Dagli ex presidenti Bush a Bill Clinton, da Muhammad Ali a Bill Gates, dalle celebrit\u00e0 di Hollywood alle star della musica, il cordoglio \u00e8 unanime.\u00a0 Mandela <em>&#8220;ha rappresentato una delle spinte pi\u00f9 forti per la libert\u00e0 e l\u2019uguaglianza dei nostri tempi. Ha portato il suo fardello con dignit\u00e0 e grazia e il mondo \u00e8 migliore per il suo esempio. Ci mancher\u00e0 ma il suo contributo vivr\u00e0 per sempre&#8221;<\/em>, ha detto <strong>George W. Bush<\/strong>. <em>&#8220;Un uomo di estremo coraggio morale che ha cambiato il corso della storia del suo Paese&#8221;<\/em>, gli ha fatto eco <strong>Bush padre<\/strong>. <em>&#8220;Non dimenticher\u00f2 mai il mio amico Madiba: il mondo ha perso uno dei sui leader pi\u00f9 importanti mentre Hillary e Chelsea ed io abbiamo perso un grande amico&#8221;<\/em>, ha detto commosso <strong>Bill Clinton<\/strong>. &#8220;Ha ispitato a puntare a ci\u00f2 che sembra impossibile da raggiungere, rompendo barriere mentali, fisiche, sociali ed economiche&#8221;, \u00e8 il commento della leggenda della boxe, <strong>Muhammad Al\u00ec<\/strong>. &#8220;I suoi carcerieri erano in prima fila il giorno dell\u2019inaugurazione da presidente. Non lo dimenticher\u00f2 mai n\u00e8 lo far\u00e0 il mondo&#8221;, ha osservato l\u2019ex segretario di Stato Usa, <strong>Colin Powell<\/strong>.<\/p>\n<p><strong>Bandiere a mezz&#8217;asta<\/strong><\/p>\n<p>Dopo aver reso omaggio al grande leader scomparso, <strong>Barack Obama<\/strong> ha ordinato di issare le bandiere a mezz\u2019asta in tutti gli uffici pubblici statunitensi, a partire dalla <strong>Casa Bianca<\/strong>, <em>&#8220;in segno di rispetto per la memoria di Mandela&#8221;<\/em>, si legge nel testo. Una misura che interesser\u00e0, precisa il presidente, tutti gli uffici pubblici, le postazioni militari e le basi navali in tutto il paese, ma anche le rappresentanze diplomatiche, consolari e le strutture miliari americane all\u2019estero, inclusa la flotta della marina, fino al tramonto del 9 dicembre. <em>&#8220;Oggi piangiamo la scomparsa di Nelson Mandela &#8211; recita il testo &#8211; e continueremo per sempre ad onorarne la memoria&#8221;<\/em>. E, ancora, Mandela <em>&#8220;ha lasciato dietro s\u00e9 un Sud Africa libero e riappacificato, un paese amico e un alleato stretto degli Stati Uniti. La sua memoria restar\u00e0 nei cuori di milioni di persone che sono cresciute grazie alla forza del suo esempio&#8221;.<\/em><\/p>\n<p><strong>Il ricordo commosso di Obama<\/strong><\/p>\n<p>[youtube eIbwXCbiklY]<\/p>\n<p>&nbsp;<\/p>\n","protected":false},"excerpt":{"rendered":"<p><p>Gli Stati Uniti si stringono nel ricordo di Nelson Mandela, eroe della libert\u00e0. Repubblicani e democratici sono uniti nel rendere omaggio a Madiba, protagonista assoluto della lotta contro l&#8217;abominio dell&#8217;apartheid. Dagli ex presidenti Bush a Bill Clinton, da Muhammad Ali a Bill Gates, dalle celebrit\u00e0 di Hollywood alle star della musica, il cordoglio \u00e8 unanime.\u00a0 Mandela &#8220;ha rappresentato una delle spinte pi\u00f9 forti per la libert\u00e0 e l\u2019uguaglianza dei nostri tempi. Ha portato il suo fardello con dignit\u00e0 e grazia e il mondo \u00e8 migliore per il suo esempio. Ci mancher\u00e0 ma il suo contributo vivr\u00e0 per sempre&#8221;, ha detto [&hellip;]<\/p>\n&nbsp;&nbsp;<div class=\"readmore\"><a href=\"https:\/\/blog.ilgiornale.it\/sacchelli\/2013\/12\/06\/da-bush-a-obama-lamerica-piange-mandela\/\">Continua a leggere...<\/a><\/div><\/p>","protected":false},"author":1011,"featured_media":0,"comment_status":"open","ping_status":"closed","sticky":false,"template":"","format":"standard","meta":[],"categories":[18531,4625],"tags":[40526,11298,29356],"_links":{"self":[{"href":"https:\/\/blog.ilgiornale.it\/sacchelli\/wp-json\/wp\/v2\/posts\/1285"}],"collection":[{"href":"https:\/\/blog.ilgiornale.it\/sacchelli\/wp-json\/wp\/v2\/posts"}],"about":[{"href":"https:\/\/blog.ilgiornale.it\/sacchelli\/wp-json\/wp\/v2\/types\/post"}],"author":[{"embeddable":true,"href":"https:\/\/blog.ilgiornale.it\/sacchelli\/wp-json\/wp\/v2\/users\/1011"}],"replies":[{"embeddable":true,"href":"https:\/\/blog.ilgiornale.it\/sacchelli\/wp-json\/wp\/v2\/comments?post=1285"}],"version-history":[{"count":9,"href":"https:\/\/blog.ilgiornale.it\/sacchelli\/wp-json\/wp\/v2\/posts\/1285\/revisions"}],"predecessor-version":[{"id":1295,"href":"https:\/\/blog.ilgiornale.it\/sacchelli\/wp-json\/wp\/v2\/posts\/1285\/revisions\/1295"}],"wp:attachment":[{"href":"https:\/\/blog.ilgiornale.it\/sacchelli\/wp-json\/wp\/v2\/media?parent=1285"}],"wp:term":[{"taxonomy":"category","embeddable":true,"href":"https:\/\/blog.ilgiornale.it\/sacchelli\/wp-json\/wp\/v2\/categories?post=1285"},{"taxonomy":"post_tag","embeddable":true,"href":"https:\/\/blog.ilgiornale.it\/sacchelli\/wp-json\/wp\/v2\/tags?post=1285"}],"curies":[{"name":"wp","href":"https:\/\/api.w.org\/{rel}","templated":true}]}}