{"id":1421,"date":"2014-01-28T17:33:02","date_gmt":"2014-01-28T17:33:02","guid":{"rendered":"https:\/\/blog.ilgiornale.it\/sacchelli\/?p=1421"},"modified":"2014-01-28T18:29:30","modified_gmt":"2014-01-28T18:29:30","slug":"povera-hillary-non-sa-piu-guidare","status":"publish","type":"post","link":"https:\/\/blog.ilgiornale.it\/sacchelli\/2014\/01\/28\/povera-hillary-non-sa-piu-guidare\/","title":{"rendered":"Povera Hillary, non sa pi\u00f9 guidare"},"content":{"rendered":"<p><a href=\"https:\/\/blog.ilgiornale.it\/sacchelli\/files\/2014\/01\/HillaryClinton.jpg\"><img loading=\"lazy\" class=\"alignleft size-medium wp-image-1422\" src=\"https:\/\/blog.ilgiornale.it\/sacchelli\/files\/2014\/01\/HillaryClinton-250x300.jpg\" alt=\"\" width=\"250\" height=\"300\" srcset=\"https:\/\/blog.ilgiornale.it\/sacchelli\/files\/2014\/01\/HillaryClinton-250x300.jpg 250w, https:\/\/blog.ilgiornale.it\/sacchelli\/files\/2014\/01\/HillaryClinton-854x1024.jpg 854w\" sizes=\"(max-width: 250px) 100vw, 250px\" \/><\/a>Non vuole ancora sbilanciarsi sulla sua possibile candidatura alle presidenziali del 2016. Un po&#8217; per scaramanzia, un po&#8217; perch\u00e9 \u00e8 presto. Anche se non troppo. Parlando nel corso di un evento organizzato a New Orleans dalla <strong><a href=\"http:\/\/www.nada.org\/\" target=\"_blank\">National Automobile Dealers Association<\/a><\/strong> (Associazione nazionale dei concessionari di auto), Hillary Clinton ha risposto &#8220;non so&#8221; a una domanda diretta sulle sue intenzioni. L&#8217;ex segretario di Stato se l&#8217;\u00e8 cavata tutto sommato bene di fronte a un pubblico prevalentemente repubblicano, conquistando due<em> standing ovation<\/em>: la prima quando ha raccontato che il momento di maggiore orgoglio nella sua carriera politica \u00e8 stato prendere parte alla decisione di far scattare il blitz per eliminare <strong>Bin Laden<\/strong>. La seconda quando ha svelato il momento pi\u00f9 duro che ha vissuto: apprendere la notizia dell\u2019attacco mortale al consolato di Bengasi, in Libia, dove l\u201911 settembre 2012 persero la vita quattro persone tra cui l\u2019ambasciatore americano <strong><a href=\"http:\/\/it.wikipedia.org\/wiki\/Christopher_Stevens_%28diplomatico%29\" target=\"_blank\">Christopher Stevens<\/a><\/strong>.<\/p>\n<p>Hillary ha fatto sorridere i concessionari di auto (ma anche storcere la bocca a qualcuno), quando ha detto che non sa pi\u00f9 guidare. L&#8217;ultima volta che lo ha fatto risale al 1996, quando suo marito era ancora presidente. <em>&#8220;Me lo ricordo molto bene. Purtroppo se lo ricorda anche il Secret Service, ed ecco la ragione per cui da allora non me lo hanno fatto pi\u00f9 fare&#8221;<\/em>. Il fatto di non mettersi pi\u00f9 al volante \u00e8 uno dei suoi maggiori rimpianti:<em> &#8220;Non guido pi\u00f9. Mio marito pensa che \u00e8 una benedizione, ma farebbe bene a star zitto&#8221;<\/em>. Non guida pi\u00f9 per motivi di sicurezza: la protezione, infatti, viene assicurata anche a ex presidenti e first lady. E lei, oltre ad appartenere alla suddetta categoria, fino a poco fa era anche direttamente impegnata in politica, prima come senatrice e poi come segretario di Stato.\u00a0 La stessa sofferenza di Hillary la prova anche Bill, che di recente ha ammesso &#8211; pure lui &#8211; che gli manca il fatto di poter guidare (almeno George W. Bush lo faceva nel suo ranch di Crawford).<\/p>\n<p>Dopo che Hillary ha detto di non saper pi\u00f9 guidare &#8211; chiss\u00e0 se si rimetter\u00e0 a farlo in vista della candidatura &#8211; subito sono scattate le critiche, sda destra e da sinistra. I repubblicani hanno pubblicato il video del discorso accompagnato dal commento: &#8220;Out of touch?&#8221;, scollegata con i problemi della gente, del paese reale? Molto duro il commento dell\u2019ex speaker della Camera, il repubblicano <strong>Newt Gingrich<\/strong>: <em>&#8220;<a href=\"http:\/\/www.rawstory.com\/rs\/2014\/01\/27\/newt-gingrich-hillary-clinton-wouldnt-make-a-good-president-because-she-doesnt-drive\/\" target=\"_blank\">Ecco una donna i cui sforzi di mettersi in sintonia con noi non includono guidare attraverso l\u2019America e neppure per fare la spesa<\/a>&#8220;.<\/em> I politici, si sa, in America (ma non solo) devono saper fare le stesse cose che fanno le persone comuni.<\/p>\n","protected":false},"excerpt":{"rendered":"<p><p>Non vuole ancora sbilanciarsi sulla sua possibile candidatura alle presidenziali del 2016. Un po&#8217; per scaramanzia, un po&#8217; perch\u00e9 \u00e8 presto. Anche se non troppo. Parlando nel corso di un evento organizzato a New Orleans dalla National Automobile Dealers Association (Associazione nazionale dei concessionari di auto), Hillary Clinton ha risposto &#8220;non so&#8221; a una domanda diretta sulle sue intenzioni. L&#8217;ex segretario di Stato se l&#8217;\u00e8 cavata tutto sommato bene di fronte a un pubblico prevalentemente repubblicano, conquistando due standing ovation: la prima quando ha raccontato che il momento di maggiore orgoglio nella sua carriera politica \u00e8 stato prendere parte alla [&hellip;]<\/p>\n&nbsp;&nbsp;<div class=\"readmore\"><a href=\"https:\/\/blog.ilgiornale.it\/sacchelli\/2014\/01\/28\/povera-hillary-non-sa-piu-guidare\/\">Continua a leggere...<\/a><\/div><\/p>","protected":false},"author":1011,"featured_media":0,"comment_status":"open","ping_status":"closed","sticky":false,"template":"","format":"standard","meta":[],"categories":[2891,64],"tags":[29320,18543],"_links":{"self":[{"href":"https:\/\/blog.ilgiornale.it\/sacchelli\/wp-json\/wp\/v2\/posts\/1421"}],"collection":[{"href":"https:\/\/blog.ilgiornale.it\/sacchelli\/wp-json\/wp\/v2\/posts"}],"about":[{"href":"https:\/\/blog.ilgiornale.it\/sacchelli\/wp-json\/wp\/v2\/types\/post"}],"author":[{"embeddable":true,"href":"https:\/\/blog.ilgiornale.it\/sacchelli\/wp-json\/wp\/v2\/users\/1011"}],"replies":[{"embeddable":true,"href":"https:\/\/blog.ilgiornale.it\/sacchelli\/wp-json\/wp\/v2\/comments?post=1421"}],"version-history":[{"count":6,"href":"https:\/\/blog.ilgiornale.it\/sacchelli\/wp-json\/wp\/v2\/posts\/1421\/revisions"}],"predecessor-version":[{"id":1428,"href":"https:\/\/blog.ilgiornale.it\/sacchelli\/wp-json\/wp\/v2\/posts\/1421\/revisions\/1428"}],"wp:attachment":[{"href":"https:\/\/blog.ilgiornale.it\/sacchelli\/wp-json\/wp\/v2\/media?parent=1421"}],"wp:term":[{"taxonomy":"category","embeddable":true,"href":"https:\/\/blog.ilgiornale.it\/sacchelli\/wp-json\/wp\/v2\/categories?post=1421"},{"taxonomy":"post_tag","embeddable":true,"href":"https:\/\/blog.ilgiornale.it\/sacchelli\/wp-json\/wp\/v2\/tags?post=1421"}],"curies":[{"name":"wp","href":"https:\/\/api.w.org\/{rel}","templated":true}]}}