{"id":1678,"date":"2014-04-29T12:45:38","date_gmt":"2014-04-29T12:45:38","guid":{"rendered":"https:\/\/blog.ilgiornale.it\/sacchelli\/?p=1678"},"modified":"2014-04-29T13:00:23","modified_gmt":"2014-04-29T13:00:23","slug":"obama-al-minimo-storico","status":"publish","type":"post","link":"https:\/\/blog.ilgiornale.it\/sacchelli\/2014\/04\/29\/obama-al-minimo-storico\/","title":{"rendered":"Obama al minimo storico"},"content":{"rendered":"<p><a href=\"https:\/\/blog.ilgiornale.it\/sacchelli\/files\/2014\/04\/Obama.jpg\"><img loading=\"lazy\" class=\"alignleft size-medium wp-image-1681\" src=\"https:\/\/blog.ilgiornale.it\/sacchelli\/files\/2014\/04\/Obama-300x240.jpg\" alt=\"\" width=\"300\" height=\"240\" srcset=\"https:\/\/blog.ilgiornale.it\/sacchelli\/files\/2014\/04\/Obama-300x240.jpg 300w, https:\/\/blog.ilgiornale.it\/sacchelli\/files\/2014\/04\/Obama.jpg 504w\" sizes=\"(max-width: 300px) 100vw, 300px\" \/><\/a>Non se la passa bene Barack Obama. Secondo l&#8217;ultimo sondaggio a cura del <a href=\"http:\/\/www.washingtonpost.com\/politics\/post-abc-news-poll-shows-democrats-at-risk-in-november-as-obamas-approval-rating-falls\/2014\/04\/28\/2a448b04-cf07-11e3-b812-0c92213941f4_story.html?hpid=z1\" target=\"_blank\">Washington Post\/Abc<\/a> l&#8217;indice di popolarit\u00e0 del presidente \u00e8 sprofondato al 41%, il punto pi\u00f9 basso in tutta la sua presidenza. Un dato preoccupante per i democratici in vista delle prossime elezioni di Midterm. Obama \u00e8 calato di 5 punti rispetto al 46% registrato nei primi tre mesi del 2014. Nonostante il calo della disoccupazione appena il 42% apprezza come la Casa bianca sta gestendo l\u2019economia e solo il 37% approva come sta lavorando per portare avanti la riforma sanitaria, vero e proprio simbolo della presidenza Obama. In politica estera solo un americano su tre (34%) \u00e8 d&#8217;accordo sul modo in cui il presidente sta gestendo la crisi ucraina.<\/p>\n<p>A novembre i democratici rischiano di perdere il controllo del <strong>Senato<\/strong>, che sar\u00e0 rinnovato per un terzo; la <strong>Camera<\/strong> invece, la cui composizione cambier\u00e0 totalmente, dovrebbe restare ben salda in mano ai repubblicani. Che pu\u00f2 fare l&#8217;asinello per cercare di evitare il tracollo? Possibile immaginare una campagna elettorale che prenda le distanze dal presidente in carica?<\/p>\n<p>Decisiva potrebbe essere l&#8217;affluenza alle urne. Se dovesse essere &#8211; come solitamente \u00e8 &#8211; inferiore a quella delle presidenziali (con una preponderanza di elettori bianchi e anziani), i repubblicani potrebbero trarne un forte vantaggio, visto e considerato che nelle due ultime presidenziali (2008 e 2012) i democratici sono stati avvantaggiati dai voti espressi dalle minoranze afroamericane e ispano americane e dai giovani (entrambe solitamente poco attratte dalle urne)<\/p>\n","protected":false},"excerpt":{"rendered":"<p><p>Non se la passa bene Barack Obama. Secondo l&#8217;ultimo sondaggio a cura del Washington Post\/Abc l&#8217;indice di popolarit\u00e0 del presidente \u00e8 sprofondato al 41%, il punto pi\u00f9 basso in tutta la sua presidenza. Un dato preoccupante per i democratici in vista delle prossime elezioni di Midterm. Obama \u00e8 calato di 5 punti rispetto al 46% registrato nei primi tre mesi del 2014. Nonostante il calo della disoccupazione appena il 42% apprezza come la Casa bianca sta gestendo l\u2019economia e solo il 37% approva come sta lavorando per portare avanti la riforma sanitaria, vero e proprio simbolo della presidenza Obama. In [&hellip;]<\/p>\n&nbsp;&nbsp;<div class=\"readmore\"><a href=\"https:\/\/blog.ilgiornale.it\/sacchelli\/2014\/04\/29\/obama-al-minimo-storico\/\">Continua a leggere...<\/a><\/div><\/p>","protected":false},"author":1011,"featured_media":0,"comment_status":"open","ping_status":"closed","sticky":false,"template":"","format":"standard","meta":[],"categories":[64],"tags":[],"_links":{"self":[{"href":"https:\/\/blog.ilgiornale.it\/sacchelli\/wp-json\/wp\/v2\/posts\/1678"}],"collection":[{"href":"https:\/\/blog.ilgiornale.it\/sacchelli\/wp-json\/wp\/v2\/posts"}],"about":[{"href":"https:\/\/blog.ilgiornale.it\/sacchelli\/wp-json\/wp\/v2\/types\/post"}],"author":[{"embeddable":true,"href":"https:\/\/blog.ilgiornale.it\/sacchelli\/wp-json\/wp\/v2\/users\/1011"}],"replies":[{"embeddable":true,"href":"https:\/\/blog.ilgiornale.it\/sacchelli\/wp-json\/wp\/v2\/comments?post=1678"}],"version-history":[{"count":4,"href":"https:\/\/blog.ilgiornale.it\/sacchelli\/wp-json\/wp\/v2\/posts\/1678\/revisions"}],"predecessor-version":[{"id":1680,"href":"https:\/\/blog.ilgiornale.it\/sacchelli\/wp-json\/wp\/v2\/posts\/1678\/revisions\/1680"}],"wp:attachment":[{"href":"https:\/\/blog.ilgiornale.it\/sacchelli\/wp-json\/wp\/v2\/media?parent=1678"}],"wp:term":[{"taxonomy":"category","embeddable":true,"href":"https:\/\/blog.ilgiornale.it\/sacchelli\/wp-json\/wp\/v2\/categories?post=1678"},{"taxonomy":"post_tag","embeddable":true,"href":"https:\/\/blog.ilgiornale.it\/sacchelli\/wp-json\/wp\/v2\/tags?post=1678"}],"curies":[{"name":"wp","href":"https:\/\/api.w.org\/{rel}","templated":true}]}}